{"id":10509,"date":"2015-03-21T18:42:41","date_gmt":"2015-03-21T17:42:41","guid":{"rendered":"https:\/\/mlz.frystacko.cz\/?p=10509"},"modified":"2015-03-23T06:52:07","modified_gmt":"2015-03-23T05:52:07","slug":"hrabe-v-sobotu-probehlo","status":"publish","type":"post","link":"https:\/\/mlz.frystacko.cz\/?p=10509","title":{"rendered":"Hrab\u011b v sobotu&#8230; prob\u011bhlo."},"content":{"rendered":"<p><img loading=\"lazy\" decoding=\"async\" class=\"alignleft size-thumbnail wp-image-10511\" src=\"https:\/\/mlz.frystacko.cz\/wp-uploads\/2015\/03\/IMG_3053-100x67.jpg\" alt=\"IMG_3053\" width=\"100\" height=\"67\" srcset=\"https:\/\/mlz.frystacko.cz\/wp-uploads\/2015\/03\/IMG_3053-100x67.jpg 100w, https:\/\/mlz.frystacko.cz\/wp-uploads\/2015\/03\/IMG_3053-300x200.jpg 300w, https:\/\/mlz.frystacko.cz\/wp-uploads\/2015\/03\/IMG_3053-768x512.jpg 768w, https:\/\/mlz.frystacko.cz\/wp-uploads\/2015\/03\/IMG_3053-1024x683.jpg 1024w, https:\/\/mlz.frystacko.cz\/wp-uploads\/2015\/03\/IMG_3053.jpg 1200w\" sizes=\"auto, (max-width: 100px) 100vw, 100px\" \/>By\u0165 byla pozv\u00e1nka chv\u00edlu nekonkr\u00e9tn\u00ed a pak se 2x zm\u011bnila, se\u0161li se lidi, daco se pod\u011blalo&#8230;.<\/p>\n<p><!--more--><\/p>\n<p>V\u0161em, kdo n\u011bjak p\u0159isp\u011bli k \u00faprav\u011b plochy, pat\u0159\u00ed velk\u00e9 d\u00edky. Nejenom \u017ee se v \u00fater\u00fd nevydebatoval\u00a0 konkr\u00e9tn\u00ed \u010das na <a href=\"https:\/\/mlz.frystacko.cz\/?p=10503\">pozv\u00e1nku<\/a>, ale je\u0161t\u011b se v p\u00e1tek narychlo posunovalo z 10 na 8, tak\u017ee se lidi postupn\u011b trousili cel\u00e9 dopoledne, ale pr\u00e1ca se ud\u011blala. Kluci dokonce u\u017e dovezli lavku, tak\u017ee je kde sed\u011bt.<\/p>\n<p>Kdy\u017e sme po 1 odj\u00ed\u017ed\u011bli, nech\u00e1vali sme za sebou n\u00e1dhern\u00e9 leti\u0161t\u011b&#8230; a skoro bez d\u00edr. Ve\u010der sem si dal p\u00e1r skok\u016f s proximou a p\u0159i dosednut\u00ed neposkakovala. \ud83d\ude00 Jen ty d\u00edry u\u017e my\u0161i zase za\u010daly obnovovat. <img src=\"https:\/\/mlz.frystacko.cz\/wp-includes\/images\/smilies\/mrgreen.png\" alt=\":mrgreen:\" class=\"wp-smiley\" style=\"height: 1em; max-height: 1em;\" \/><\/p>\n<p>Pohodil sem tam na stativ ozemboucha, co norm\u00e1ln\u011b slou\u017e\u00ed na letadle&#8230; tak kdyby byl z\u00e1jem, video <a href=\"https:\/\/mlz.frystacko.cz\/mimo\/20150321-brigada.avi\">zde<\/a>. (28MB)<\/p>\n","protected":false},"excerpt":{"rendered":"<p>By\u0165 byla pozv\u00e1nka chv\u00edlu nekonkr\u00e9tn\u00ed a pak se 2x zm\u011bnila, se\u0161li se lidi, daco se pod\u011blalo&#8230;.<\/p>\n","protected":false},"author":3,"featured_media":0,"comment_status":"open","ping_status":"closed","sticky":false,"template":"","format":"standard","meta":{"footnotes":""},"categories":[8],"tags":[],"class_list":["post-10509","post","type-post","status-publish","format-standard","hentry","category-udrzba"],"_links":{"self":[{"href":"https:\/\/mlz.frystacko.cz\/index.php?rest_route=\/wp\/v2\/posts\/10509","targetHints":{"allow":["GET"]}}],"collection":[{"href":"https:\/\/mlz.frystacko.cz\/index.php?rest_route=\/wp\/v2\/posts"}],"about":[{"href":"https:\/\/mlz.frystacko.cz\/index.php?rest_route=\/wp\/v2\/types\/post"}],"author":[{"embeddable":true,"href":"https:\/\/mlz.frystacko.cz\/index.php?rest_route=\/wp\/v2\/users\/3"}],"replies":[{"embeddable":true,"href":"https:\/\/mlz.frystacko.cz\/index.php?rest_route=%2Fwp%2Fv2%2Fcomments&post=10509"}],"version-history":[{"count":4,"href":"https:\/\/mlz.frystacko.cz\/index.php?rest_route=\/wp\/v2\/posts\/10509\/revisions"}],"predecessor-version":[{"id":10529,"href":"https:\/\/mlz.frystacko.cz\/index.php?rest_route=\/wp\/v2\/posts\/10509\/revisions\/10529"}],"wp:attachment":[{"href":"https:\/\/mlz.frystacko.cz\/index.php?rest_route=%2Fwp%2Fv2%2Fmedia&parent=10509"}],"wp:term":[{"taxonomy":"category","embeddable":true,"href":"https:\/\/mlz.frystacko.cz\/index.php?rest_route=%2Fwp%2Fv2%2Fcategories&post=10509"},{"taxonomy":"post_tag","embeddable":true,"href":"https:\/\/mlz.frystacko.cz\/index.php?rest_route=%2Fwp%2Fv2%2Ftags&post=10509"}],"curies":[{"name":"wp","href":"https:\/\/api.w.org\/{rel}","templated":true}]}}