{"id":10994,"date":"2015-04-26T02:40:05","date_gmt":"2015-04-26T00:40:05","guid":{"rendered":"https:\/\/mlz.frystacko.cz\/?p=10994"},"modified":"2015-05-23T23:15:00","modified_gmt":"2015-05-23T21:15:00","slug":"olsina-9","status":"publish","type":"post","link":"https:\/\/mlz.frystacko.cz\/?p=10994","title":{"rendered":"Ol\u0161ina&#8230;."},"content":{"rendered":"<p><img loading=\"lazy\" decoding=\"async\" class=\"alignleft size-thumbnail wp-image-11048\" src=\"https:\/\/mlz.frystacko.cz\/wp-uploads\/2015\/04\/IMG_5815-100x67.jpg\" alt=\"IMG_5815\" width=\"100\" height=\"67\" srcset=\"https:\/\/mlz.frystacko.cz\/wp-uploads\/2015\/04\/IMG_5815-100x67.jpg 100w, https:\/\/mlz.frystacko.cz\/wp-uploads\/2015\/04\/IMG_5815-300x200.jpg 300w, https:\/\/mlz.frystacko.cz\/wp-uploads\/2015\/04\/IMG_5815-768x512.jpg 768w, https:\/\/mlz.frystacko.cz\/wp-uploads\/2015\/04\/IMG_5815-1024x683.jpg 1024w, https:\/\/mlz.frystacko.cz\/wp-uploads\/2015\/04\/IMG_5815.jpg 1200w\" sizes=\"auto, (max-width: 100px) 100vw, 100px\" \/>A ud\u011blalo se zase p\u011bkn\u011b na Ol\u0161inu&#8230; akor\u00e1t u\u017e bylo aj teplo a v\u00edkend, tak\u017ee n\u00e1s tam bylo tro\u0161ku v\u00edc jak v \u00fanoru. \ud83d\ude42<\/p>\n<p><!--more-->V\u011btr nebyl zrovna p\u0159ehnan\u011b siln\u00fd a tak se tam vyrojili i pad\u00e1\u010dk\u00e1\u0159i, ale prob\u011bhlo to bez nehod (krom jednoho vymot\u00e1v\u00e1n\u00ed \u0161\u0148\u016fr z angre\u0161tu, doprov\u00e1zen\u00e9ho vysoce odborn\u00fdmi v\u00fdrazy) a v p\u0159\u00e1telsk\u00e9m duchu.<\/p>\n<p>Ze zaj\u00edmavost\u00ed se dnes objevili kluci s Blan\u00edkem&#8230;. v\u010detn\u011b kovov\u00e9ho potahu. N\u00e1dhera. A aj p\u011bkn\u011b l\u00e9tal. \ud83d\ude42<\/p>\n<p>&#8230; pam\u011btliv z minul\u00fdch let toho, \u017ee slunko hry\u017ee sem si namazal xicht a pracky kr\u00e9mem&#8230; a pak sem si odlo\u017eil ko\u0161ulu, tak\u017ee m\u00e1m m\u00edrn\u011b chycen\u00fd krk&#8230;. jak to bylo s t\u00edm p\u00e1len\u00edm o jedny kamna?<\/p>\n<p>Petr sice Birda j\u011b\u0161t\u011b dovezl jako rezervu, no nechal ho u\u017e v aut\u011b&#8230;. Roxy chodil jak vztekl\u00fd.<\/p>\n<p>Po del\u0161\u00ed dob\u011b sem vzal na svah i proximu, ale jen q\u016fli focen\u00ed&#8230; tak p\u00e1r fotek z vrchu je na konci, viditelnost nebyla zl\u00e1. \ud83d\ude42<\/p>\n<p>Jako bonus se kolem poflakovaly vleky z Krom\u011b\u0159\u00ed\u017ea a jednou \u0161el kolem i Christen&#8230; \ud83d\ude42<\/p>\n<p>No moc hezk\u00e1 sobota&#8230;.<\/p>\n<p>Edit: Marcel fotil <a href=\"http:\/\/makyk.cz\/olsina-na-konci-dubna-0\" target=\"_blank\">taky<\/a>.<\/p>\n","protected":false},"excerpt":{"rendered":"<p>A ud\u011blalo se zase p\u011bkn\u011b na Ol\u0161inu&#8230; akor\u00e1t u\u017e bylo aj teplo a v\u00edkend, tak\u017ee n\u00e1s tam bylo tro\u0161ku v\u00edc jak v \u00fanoru. \ud83d\ude42<\/p>\n","protected":false},"author":3,"featured_media":0,"comment_status":"open","ping_status":"closed","sticky":false,"template":"","format":"standard","meta":{"footnotes":""},"categories":[21],"tags":[],"class_list":["post-10994","post","type-post","status-publish","format-standard","hentry","category-svah"],"_links":{"self":[{"href":"https:\/\/mlz.frystacko.cz\/index.php?rest_route=\/wp\/v2\/posts\/10994","targetHints":{"allow":["GET"]}}],"collection":[{"href":"https:\/\/mlz.frystacko.cz\/index.php?rest_route=\/wp\/v2\/posts"}],"about":[{"href":"https:\/\/mlz.frystacko.cz\/index.php?rest_route=\/wp\/v2\/types\/post"}],"author":[{"embeddable":true,"href":"https:\/\/mlz.frystacko.cz\/index.php?rest_route=\/wp\/v2\/users\/3"}],"replies":[{"embeddable":true,"href":"https:\/\/mlz.frystacko.cz\/index.php?rest_route=%2Fwp%2Fv2%2Fcomments&post=10994"}],"version-history":[{"count":6,"href":"https:\/\/mlz.frystacko.cz\/index.php?rest_route=\/wp\/v2\/posts\/10994\/revisions"}],"predecessor-version":[{"id":11098,"href":"https:\/\/mlz.frystacko.cz\/index.php?rest_route=\/wp\/v2\/posts\/10994\/revisions\/11098"}],"wp:attachment":[{"href":"https:\/\/mlz.frystacko.cz\/index.php?rest_route=%2Fwp%2Fv2%2Fmedia&parent=10994"}],"wp:term":[{"taxonomy":"category","embeddable":true,"href":"https:\/\/mlz.frystacko.cz\/index.php?rest_route=%2Fwp%2Fv2%2Fcategories&post=10994"},{"taxonomy":"post_tag","embeddable":true,"href":"https:\/\/mlz.frystacko.cz\/index.php?rest_route=%2Fwp%2Fv2%2Ftags&post=10994"}],"curies":[{"name":"wp","href":"https:\/\/api.w.org\/{rel}","templated":true}]}}