{"id":11099,"date":"2015-04-27T23:28:40","date_gmt":"2015-04-27T21:28:40","guid":{"rendered":"https:\/\/mlz.frystacko.cz\/?p=11099"},"modified":"2015-04-27T23:37:58","modified_gmt":"2015-04-27T21:37:58","slug":"nedelni-pohodicka","status":"publish","type":"post","link":"https:\/\/mlz.frystacko.cz\/?p=11099","title":{"rendered":"Ned\u011bln\u00ed pohodi\u010dka&#8230;"},"content":{"rendered":"<p><img loading=\"lazy\" decoding=\"async\" class=\"alignleft wp-image-11159 size-thumbnail\" src=\"https:\/\/mlz.frystacko.cz\/wp-uploads\/2015\/04\/zm.IMG_6315-100x67.jpg\" alt=\"Mal\u00e1 byla hodn\u00e1, ale Ra\u010fa chv\u00edama mr\u010del... \" width=\"100\" height=\"67\" srcset=\"https:\/\/mlz.frystacko.cz\/wp-uploads\/2015\/04\/zm.IMG_6315-100x67.jpg 100w, https:\/\/mlz.frystacko.cz\/wp-uploads\/2015\/04\/zm.IMG_6315-300x200.jpg 300w, https:\/\/mlz.frystacko.cz\/wp-uploads\/2015\/04\/zm.IMG_6315-768x512.jpg 768w, https:\/\/mlz.frystacko.cz\/wp-uploads\/2015\/04\/zm.IMG_6315-1024x683.jpg 1024w, https:\/\/mlz.frystacko.cz\/wp-uploads\/2015\/04\/zm.IMG_6315.jpg 1200w\" sizes=\"auto, (max-width: 100px) 100vw, 100px\" \/>P\u00e1r fotek z ned\u011bln\u00edho odpoledne&#8230;<\/p>\n<p><!--more-->Nefoukalo, slukno sv\u00edtilo, pt\u00e1ci l\u00e9tali&#8230;. n\u00e1dhera. Radek nav\u00edc koncem t\u00fddne op\u011bt n\u00e1dhern\u011b posekl dr\u00e1hu&#8230;<\/p>\n<p>Ra\u010fa se nab\u00eddl, \u017ee se stane do\u010dasn\u00fdm navij\u00e1kem, tak sme p\u0159es kladku zkusili cuknout dinga do vzduchu&#8230; \u0161lo to. Cca 150m nebyl probl\u00e9m, akor\u00e1t p\u0159i t\u0159et\u00edm startu se to vzdala kladka&#8230;. u\u017e ani ten plast dneska nic nevydr\u017e\u00ed. \ud83d\ude42<\/p>\n<p>Pozd\u011bji m\u011bl domluven\u00e9, \u017ee &#8222;chce&#8220; hl\u00eddat malou a mus\u00ed ji ve 4 p\u0159evz\u00edt&#8230; drze sme mu nazna\u010dili, \u017ee u toho nemus\u00ed sed\u011bt doma&#8230; pro\u0161lo to. Mal\u00e1 byla hodn\u00e1, n\u00e1sledn\u011b se nechala povozit i od ciz\u00edch (teda, jestli je v\u016fbec n\u011bkdo na leti\u0161ti &#8222;ciz\u00ed&#8220;)&#8230; a R\u00e1\u010fa si je\u0161t\u011b tro\u0161ku pol\u00e9tal. P\u0159\u00ed\u0161t\u011b u\u017e m\u00e1 o z\u00e1m\u00ednku v\u00edc, \u017ee m\u016f\u017ee na leti\u0161t\u011b. <img src=\"https:\/\/mlz.frystacko.cz\/wp-includes\/images\/smilies\/mrgreen.png\" alt=\":mrgreen:\" class=\"wp-smiley\" style=\"height: 1em; max-height: 1em;\" \/><\/p>\n<p>Mlsn\u00e1 huba &#8211; hotov\u00e9 ne\u0161t\u011bst\u00ed &#8230; sme si aj pizzu nechali dov\u00e9zt a u\u017e n\u00e1m nechyb\u011blo v\u016fbec nic.<\/p>\n","protected":false},"excerpt":{"rendered":"<p>P\u00e1r fotek z ned\u011bln\u00edho odpoledne&#8230;<\/p>\n","protected":false},"author":3,"featured_media":0,"comment_status":"open","ping_status":"closed","sticky":false,"template":"","format":"standard","meta":{"footnotes":""},"categories":[18],"tags":[],"class_list":["post-11099","post","type-post","status-publish","format-standard","hentry","category-provoz-na-letisti"],"_links":{"self":[{"href":"https:\/\/mlz.frystacko.cz\/index.php?rest_route=\/wp\/v2\/posts\/11099","targetHints":{"allow":["GET"]}}],"collection":[{"href":"https:\/\/mlz.frystacko.cz\/index.php?rest_route=\/wp\/v2\/posts"}],"about":[{"href":"https:\/\/mlz.frystacko.cz\/index.php?rest_route=\/wp\/v2\/types\/post"}],"author":[{"embeddable":true,"href":"https:\/\/mlz.frystacko.cz\/index.php?rest_route=\/wp\/v2\/users\/3"}],"replies":[{"embeddable":true,"href":"https:\/\/mlz.frystacko.cz\/index.php?rest_route=%2Fwp%2Fv2%2Fcomments&post=11099"}],"version-history":[{"count":6,"href":"https:\/\/mlz.frystacko.cz\/index.php?rest_route=\/wp\/v2\/posts\/11099\/revisions"}],"predecessor-version":[{"id":11178,"href":"https:\/\/mlz.frystacko.cz\/index.php?rest_route=\/wp\/v2\/posts\/11099\/revisions\/11178"}],"wp:attachment":[{"href":"https:\/\/mlz.frystacko.cz\/index.php?rest_route=%2Fwp%2Fv2%2Fmedia&parent=11099"}],"wp:term":[{"taxonomy":"category","embeddable":true,"href":"https:\/\/mlz.frystacko.cz\/index.php?rest_route=%2Fwp%2Fv2%2Fcategories&post=11099"},{"taxonomy":"post_tag","embeddable":true,"href":"https:\/\/mlz.frystacko.cz\/index.php?rest_route=%2Fwp%2Fv2%2Ftags&post=11099"}],"curies":[{"name":"wp","href":"https:\/\/api.w.org\/{rel}","templated":true}]}}