{"id":12256,"date":"2015-06-29T09:43:08","date_gmt":"2015-06-29T07:43:08","guid":{"rendered":"https:\/\/mlz.frystacko.cz\/?p=12256"},"modified":"2015-06-29T09:43:08","modified_gmt":"2015-06-29T07:43:08","slug":"patek-sobota-3","status":"publish","type":"post","link":"https:\/\/mlz.frystacko.cz\/?p=12256","title":{"rendered":"P\u00e1tek, sobota&#8230;"},"content":{"rendered":"<p><img loading=\"lazy\" decoding=\"async\" class=\"alignleft size-thumbnail wp-image-12264\" src=\"https:\/\/mlz.frystacko.cz\/wp-uploads\/2015\/06\/zm.IMG_0923-100x67.jpg\" alt=\"zm.IMG_0923\" width=\"100\" height=\"67\" srcset=\"https:\/\/mlz.frystacko.cz\/wp-uploads\/2015\/06\/zm.IMG_0923-100x67.jpg 100w, https:\/\/mlz.frystacko.cz\/wp-uploads\/2015\/06\/zm.IMG_0923-300x200.jpg 300w, https:\/\/mlz.frystacko.cz\/wp-uploads\/2015\/06\/zm.IMG_0923-768x512.jpg 768w, https:\/\/mlz.frystacko.cz\/wp-uploads\/2015\/06\/zm.IMG_0923-1024x683.jpg 1024w, https:\/\/mlz.frystacko.cz\/wp-uploads\/2015\/06\/zm.IMG_0923.jpg 1200w\" sizes=\"auto, (max-width: 100px) 100vw, 100px\" \/>Kone\u010dn\u011b zase hezky&#8230; hm.<\/p>\n<p><!--more-->V p\u00e1tek krom\u011b &#8222;norm\u00e1ln\u00edho&#8220; osazenstva p\u0159iqa\u010dil i Honza s p\u011bkn\u00fdm nov\u00fdm houbo-korz\u00e1rem, aby br\u00e1\u0161kovi nemusel br\u00e1t gamu&#8230;. (on teda z\u00e1let prob\u011bhl nejsp\u00ed\u0161 u\u017e ve \u010dtvrtek, proto\u017ee pr\u016fb\u011b\u017en\u011b provokoval jak je kr\u00e1sn\u00e9 bezv\u011bt\u0159\u00ed \ud83d\ude09 , ale nevy\u0161lo mi to).<\/p>\n<p>V sobotu mi d\u011blal dro\u017eka\u0159e Kuba (d\u011bkuji). Jako hlavn\u00ed h\u0159eb se uk\u00e1zal i Eda. Sice jen uk\u00e1zal a ve\u0161kerou &#8222;\u0161pinavou&#8220; p\u00e1ci s l\u00e9t\u00e1n\u00edm za n\u011bho zase oded\u0159el <img src=\"https:\/\/mlz.frystacko.cz\/wp-includes\/images\/smilies\/mrgreen.png\" alt=\":mrgreen:\" class=\"wp-smiley\" style=\"height: 1em; max-height: 1em;\" \/> Honza, ale aspo\u0148 sme ho vid\u011bli. \ud83d\ude42 Sobotn\u00ed po\u010das byl zaj\u00edmav\u00fd &#8230; st\u00e1le pod mrakem&#8230; ale dr\u017eku to sp\u00e1lit dok\u00e1zalo. Bych o tom n\u011bco v\u011bd\u011bl. \ud83d\ude42<\/p>\n","protected":false},"excerpt":{"rendered":"<p>Kone\u010dn\u011b zase hezky&#8230; hm.<\/p>\n","protected":false},"author":3,"featured_media":0,"comment_status":"open","ping_status":"closed","sticky":false,"template":"","format":"standard","meta":{"footnotes":""},"categories":[18],"tags":[],"class_list":["post-12256","post","type-post","status-publish","format-standard","hentry","category-provoz-na-letisti"],"_links":{"self":[{"href":"https:\/\/mlz.frystacko.cz\/index.php?rest_route=\/wp\/v2\/posts\/12256","targetHints":{"allow":["GET"]}}],"collection":[{"href":"https:\/\/mlz.frystacko.cz\/index.php?rest_route=\/wp\/v2\/posts"}],"about":[{"href":"https:\/\/mlz.frystacko.cz\/index.php?rest_route=\/wp\/v2\/types\/post"}],"author":[{"embeddable":true,"href":"https:\/\/mlz.frystacko.cz\/index.php?rest_route=\/wp\/v2\/users\/3"}],"replies":[{"embeddable":true,"href":"https:\/\/mlz.frystacko.cz\/index.php?rest_route=%2Fwp%2Fv2%2Fcomments&post=12256"}],"version-history":[{"count":6,"href":"https:\/\/mlz.frystacko.cz\/index.php?rest_route=\/wp\/v2\/posts\/12256\/revisions"}],"predecessor-version":[{"id":12288,"href":"https:\/\/mlz.frystacko.cz\/index.php?rest_route=\/wp\/v2\/posts\/12256\/revisions\/12288"}],"wp:attachment":[{"href":"https:\/\/mlz.frystacko.cz\/index.php?rest_route=%2Fwp%2Fv2%2Fmedia&parent=12256"}],"wp:term":[{"taxonomy":"category","embeddable":true,"href":"https:\/\/mlz.frystacko.cz\/index.php?rest_route=%2Fwp%2Fv2%2Fcategories&post=12256"},{"taxonomy":"post_tag","embeddable":true,"href":"https:\/\/mlz.frystacko.cz\/index.php?rest_route=%2Fwp%2Fv2%2Ftags&post=12256"}],"curies":[{"name":"wp","href":"https:\/\/api.w.org\/{rel}","templated":true}]}}