{"id":13766,"date":"2015-09-17T09:59:36","date_gmt":"2015-09-17T07:59:36","guid":{"rendered":"https:\/\/mlz.frystacko.cz\/?p=13766"},"modified":"2015-09-18T17:49:58","modified_gmt":"2015-09-18T15:49:58","slug":"olsina-17","status":"publish","type":"post","link":"https:\/\/mlz.frystacko.cz\/?p=13766","title":{"rendered":"Ol\u0161ina&#8230;"},"content":{"rendered":"<p><img loading=\"lazy\" decoding=\"async\" class=\"alignleft size-thumbnail wp-image-13804\" src=\"https:\/\/mlz.frystacko.cz\/wp-uploads\/2015\/09\/zm.IMG_2386-100x67.jpg\" alt=\"zm.IMG_2386\" width=\"100\" height=\"67\" srcset=\"https:\/\/mlz.frystacko.cz\/wp-uploads\/2015\/09\/zm.IMG_2386-100x67.jpg 100w, https:\/\/mlz.frystacko.cz\/wp-uploads\/2015\/09\/zm.IMG_2386-300x200.jpg 300w, https:\/\/mlz.frystacko.cz\/wp-uploads\/2015\/09\/zm.IMG_2386-768x512.jpg 768w, https:\/\/mlz.frystacko.cz\/wp-uploads\/2015\/09\/zm.IMG_2386-1024x683.jpg 1024w, https:\/\/mlz.frystacko.cz\/wp-uploads\/2015\/09\/zm.IMG_2386.jpg 1200w\" sizes=\"auto, (max-width: 100px) 100vw, 100px\" \/>Hm&#8230; jestli chcete fotky z leti\u0161t\u011b, oto\u010dte si v\u011btr. Na jih tam nejs\u00ed\u0161 nebudu&#8230; nebo za\u010dn\u011bte fotit taky. \ud83d\ude00<br \/>\n(Edit&#8230; a \u010dtvrtek)<\/p>\n<p><!--more--><\/p>\n<p>St\u0159eda m\u011bla b\u00fdt co do podm\u00ednek lep\u0161\u00ed ne\u017e p\u0159edchoz\u00ed dny v tom, \u017ee m\u011blo foukat p\u0159\u00edmo na svah, dost a do toho slunka hromada&#8230;.<\/p>\n<p>Pravda byla m\u00edrn\u011b slab\u0161\u00ed co do v\u011btru, ale pad\u00e1\u010dk\u00e1\u0159om to na\u0161t\u011bst\u00ed nikdo ne\u0159ekl, tak\u017ee sme tam byli sam\u00ed &#8222;norm\u00e1ln\u00ed&#8220;. \ud83d\ude00 Taky to, \u017ee to m\u011blo qe\u010deru zesilovat moc pravda nebyla a v 7 u\u017e se to sotva h\u00fdbalo, ale zal\u00e9talo se sq\u011ble. \ud83d\ude42 (i pes&#8230; moment\u00e1ln\u011b to dosp\u00e1v\u00e1 :mrgreen:)<\/p>\n<p>Ve\u010der do toho t\u00e9m\u011b\u0159bezv\u011bt\u0159\u00ed p\u0159i\u0161li je\u0161t\u011b kluci s historikama&#8230; mlad\u00fd l\u00e9tal jak \u010fas. \ud83d\ude00 (4. t\u0159\u00edda&#8230;)<\/p>\n<p>&#8230;ehm&#8230; je\u0161t\u011b ve \u010dtvrtek a u\u017e d\u00e1m s Ol\u0161inou pokoj&#8230; co tak vypad\u00e1 p\u0159edpov\u011b\u010f.<\/p>\n<hr \/>\n<p><img loading=\"lazy\" decoding=\"async\" class=\"alignright size-medium wp-image-13834\" src=\"https:\/\/mlz.frystacko.cz\/wp-uploads\/2015\/09\/zm.IMG_2507-300x200.jpg\" alt=\"zm.IMG_2507\" width=\"300\" height=\"200\" srcset=\"https:\/\/mlz.frystacko.cz\/wp-uploads\/2015\/09\/zm.IMG_2507-300x200.jpg 300w, https:\/\/mlz.frystacko.cz\/wp-uploads\/2015\/09\/zm.IMG_2507-100x67.jpg 100w, https:\/\/mlz.frystacko.cz\/wp-uploads\/2015\/09\/zm.IMG_2507-768x512.jpg 768w, https:\/\/mlz.frystacko.cz\/wp-uploads\/2015\/09\/zm.IMG_2507-1024x683.jpg 1024w, https:\/\/mlz.frystacko.cz\/wp-uploads\/2015\/09\/zm.IMG_2507.jpg 1200w\" sizes=\"auto, (max-width: 300px) 100vw, 300px\" \/>Edit: Ano&#8230; i \u010dtvrtek byl. M\u011blo foukat m\u00e1lo a ve\u010der zes\u00edlit. Foukalo m\u00e1lo. Pol\u00e9talo se ale dob\u0159e, na vzduch byl spoleh. Jen ryb\u011b se chv\u00edlama cht\u011blo m\u00e9n\u011b. Ve\u010der to postupn\u011b za\u010dalo sl\u00e1bnout. &#8222;Norm\u00e1ln\u00ed&#8220; lidi \u0161li dom. Mi tam p\u0159ijeli synove\u010dci, tak\u017ee sme pokra\u010dovali s easystarem. Prvn\u00ed start byl do bezv\u011bt\u0159\u00ed&#8230;. pak to pomalu za\u010dalo nab\u00edrat na s\u00edle. Kdy\u017e u\u017e se ES nedal rozumn\u011b pou\u017e\u00edvat,\u00a0 p\u0159i\u0161la na \u0159adu zase proxima&#8230;. musel jsem odjet d\u0159\u00edv ne\u017e mi bylo milo. Ke konci sem tam spokojen\u011b poletoval v n\u011bjak\u00fdch 15m&#8230; \ud83d\ude00\u00a0 (nutno podotknout, \u017ee i krabice pak poletovala, ale dob\u0159\u00ed lid\u00e9 ji sta\u010dili polapit d\u0159\u00edv ne\u017e dolet\u011bla na Rataje \ud83d\ude42 )<\/p>\n<hr \/>\n<p>&nbsp;<\/p>\n","protected":false},"excerpt":{"rendered":"<p>Hm&#8230; jestli chcete fotky z leti\u0161t\u011b, oto\u010dte si v\u011btr. Na jih tam nejs\u00ed\u0161 nebudu&#8230; nebo za\u010dn\u011bte fotit taky. \ud83d\ude00 (Edit&#8230; a \u010dtvrtek)<\/p>\n","protected":false},"author":3,"featured_media":0,"comment_status":"open","ping_status":"closed","sticky":false,"template":"","format":"standard","meta":{"footnotes":""},"categories":[21],"tags":[],"class_list":["post-13766","post","type-post","status-publish","format-standard","hentry","category-svah"],"_links":{"self":[{"href":"https:\/\/mlz.frystacko.cz\/index.php?rest_route=\/wp\/v2\/posts\/13766","targetHints":{"allow":["GET"]}}],"collection":[{"href":"https:\/\/mlz.frystacko.cz\/index.php?rest_route=\/wp\/v2\/posts"}],"about":[{"href":"https:\/\/mlz.frystacko.cz\/index.php?rest_route=\/wp\/v2\/types\/post"}],"author":[{"embeddable":true,"href":"https:\/\/mlz.frystacko.cz\/index.php?rest_route=\/wp\/v2\/users\/3"}],"replies":[{"embeddable":true,"href":"https:\/\/mlz.frystacko.cz\/index.php?rest_route=%2Fwp%2Fv2%2Fcomments&post=13766"}],"version-history":[{"count":12,"href":"https:\/\/mlz.frystacko.cz\/index.php?rest_route=\/wp\/v2\/posts\/13766\/revisions"}],"predecessor-version":[{"id":13859,"href":"https:\/\/mlz.frystacko.cz\/index.php?rest_route=\/wp\/v2\/posts\/13766\/revisions\/13859"}],"wp:attachment":[{"href":"https:\/\/mlz.frystacko.cz\/index.php?rest_route=%2Fwp%2Fv2%2Fmedia&parent=13766"}],"wp:term":[{"taxonomy":"category","embeddable":true,"href":"https:\/\/mlz.frystacko.cz\/index.php?rest_route=%2Fwp%2Fv2%2Fcategories&post=13766"},{"taxonomy":"post_tag","embeddable":true,"href":"https:\/\/mlz.frystacko.cz\/index.php?rest_route=%2Fwp%2Fv2%2Ftags&post=13766"}],"curies":[{"name":"wp","href":"https:\/\/api.w.org\/{rel}","templated":true}]}}