{"id":13861,"date":"2015-09-21T01:04:57","date_gmt":"2015-09-20T23:04:57","guid":{"rendered":"https:\/\/mlz.frystacko.cz\/?p=13861"},"modified":"2015-09-21T01:15:16","modified_gmt":"2015-09-20T23:15:16","slug":"vikendovy-provoz-5","status":"publish","type":"post","link":"https:\/\/mlz.frystacko.cz\/?p=13861","title":{"rendered":"V\u00edkendov\u00fd provoz"},"content":{"rendered":"<p><img loading=\"lazy\" decoding=\"async\" class=\"alignleft size-thumbnail wp-image-13864\" src=\"https:\/\/mlz.frystacko.cz\/wp-uploads\/2015\/09\/zm.IMG_2717-100x67.jpg\" alt=\"zm.IMG_2717\" width=\"100\" height=\"67\" srcset=\"https:\/\/mlz.frystacko.cz\/wp-uploads\/2015\/09\/zm.IMG_2717-100x67.jpg 100w, https:\/\/mlz.frystacko.cz\/wp-uploads\/2015\/09\/zm.IMG_2717-300x200.jpg 300w, https:\/\/mlz.frystacko.cz\/wp-uploads\/2015\/09\/zm.IMG_2717-768x512.jpg 768w, https:\/\/mlz.frystacko.cz\/wp-uploads\/2015\/09\/zm.IMG_2717-1024x683.jpg 1024w, https:\/\/mlz.frystacko.cz\/wp-uploads\/2015\/09\/zm.IMG_2717.jpg 1200w\" sizes=\"auto, (max-width: 100px) 100vw, 100px\" \/>O v\u00edkendu se poletovalo&#8230; p\u00e1r fotek, kdyby byl z\u00e1jem je tu&#8230;<\/p>\n<p><!--more-->Sobota byla na tri\u010dko, slunko h\u0159\u00e1lo (a nosilo to), lid\u00ed se se\u0161lo vcelku dost&#8230;<\/p>\n<p>Ned\u011bla byla pod mrakem, sem tam kaplo a kdo si nevzal bundu, musel se zah\u0159\u00edvat drkot\u00e1n\u00edm zub\u016f&#8230;.<\/p>\n<p>\u0160kodu sme ned\u011blali, pol\u00e9tali sme spokojen\u011b a i Honz\u016fv odhozen\u00fd boilerek (baterky jsou u\u017e ohled\u011bn\u00e9) sme na\u0161li, tak\u017ee v\u0161e komplet. \ud83d\ude00<\/p>\n","protected":false},"excerpt":{"rendered":"<p>O v\u00edkendu se poletovalo&#8230; p\u00e1r fotek, kdyby byl z\u00e1jem je tu&#8230;<\/p>\n","protected":false},"author":3,"featured_media":0,"comment_status":"open","ping_status":"closed","sticky":false,"template":"","format":"standard","meta":{"footnotes":""},"categories":[18],"tags":[],"class_list":["post-13861","post","type-post","status-publish","format-standard","hentry","category-provoz-na-letisti"],"_links":{"self":[{"href":"https:\/\/mlz.frystacko.cz\/index.php?rest_route=\/wp\/v2\/posts\/13861","targetHints":{"allow":["GET"]}}],"collection":[{"href":"https:\/\/mlz.frystacko.cz\/index.php?rest_route=\/wp\/v2\/posts"}],"about":[{"href":"https:\/\/mlz.frystacko.cz\/index.php?rest_route=\/wp\/v2\/types\/post"}],"author":[{"embeddable":true,"href":"https:\/\/mlz.frystacko.cz\/index.php?rest_route=\/wp\/v2\/users\/3"}],"replies":[{"embeddable":true,"href":"https:\/\/mlz.frystacko.cz\/index.php?rest_route=%2Fwp%2Fv2%2Fcomments&post=13861"}],"version-history":[{"count":4,"href":"https:\/\/mlz.frystacko.cz\/index.php?rest_route=\/wp\/v2\/posts\/13861\/revisions"}],"predecessor-version":[{"id":13907,"href":"https:\/\/mlz.frystacko.cz\/index.php?rest_route=\/wp\/v2\/posts\/13861\/revisions\/13907"}],"wp:attachment":[{"href":"https:\/\/mlz.frystacko.cz\/index.php?rest_route=%2Fwp%2Fv2%2Fmedia&parent=13861"}],"wp:term":[{"taxonomy":"category","embeddable":true,"href":"https:\/\/mlz.frystacko.cz\/index.php?rest_route=%2Fwp%2Fv2%2Fcategories&post=13861"},{"taxonomy":"post_tag","embeddable":true,"href":"https:\/\/mlz.frystacko.cz\/index.php?rest_route=%2Fwp%2Fv2%2Ftags&post=13861"}],"curies":[{"name":"wp","href":"https:\/\/api.w.org\/{rel}","templated":true}]}}