{"id":14832,"date":"2015-11-28T23:41:13","date_gmt":"2015-11-28T22:41:13","guid":{"rendered":"https:\/\/mlz.frystacko.cz\/?p=14832"},"modified":"2015-11-30T15:25:28","modified_gmt":"2015-11-30T14:25:28","slug":"sobota-7","status":"publish","type":"post","link":"https:\/\/mlz.frystacko.cz\/?p=14832","title":{"rendered":"Sobota&#8230;"},"content":{"rendered":"<p><img loading=\"lazy\" decoding=\"async\" class=\"alignleft size-thumbnail wp-image-14850\" src=\"https:\/\/mlz.frystacko.cz\/wp-uploads\/2015\/11\/zm.IMG_7262-100x67.jpg\" alt=\"zm.IMG_7262\" width=\"100\" height=\"67\" srcset=\"https:\/\/mlz.frystacko.cz\/wp-uploads\/2015\/11\/zm.IMG_7262-100x67.jpg 100w, https:\/\/mlz.frystacko.cz\/wp-uploads\/2015\/11\/zm.IMG_7262-300x200.jpg 300w, https:\/\/mlz.frystacko.cz\/wp-uploads\/2015\/11\/zm.IMG_7262-768x512.jpg 768w, https:\/\/mlz.frystacko.cz\/wp-uploads\/2015\/11\/zm.IMG_7262-1024x683.jpg 1024w, https:\/\/mlz.frystacko.cz\/wp-uploads\/2015\/11\/zm.IMG_7262.jpg 1200w\" sizes=\"auto, (max-width: 100px) 100vw, 100px\" \/>Sobotn\u00ed poletov\u00e1n\u00ed &#8230;\u00a0 a p\u00e1r fotek do po\u010dtu.<\/p>\n<p><!--more-->Zase se na n\u00e1s p\u0159i\u0161el pod\u00edvat ten hodn\u00fd p\u00e1n se sokol\u00edkem &#8230;. um\u00ed (p\u00e1n i pt\u00e1k). Zkusil sem chytit <a href=\"https:\/\/youtu.be\/m0wkwuzfQME\" target=\"_blank\">start na kameru<\/a>, ale bylo to do protisv\u011btla.<\/p>\n<p>Mari\u00e1n se svezl na k\u00e1blu s\u00e1m, kdy\u017e nem\u011bl sv\u011b\u0159ence. P\u016fj\u010dil sem mu funcuba&#8230;. Radim si zau\u010ditelil. Zm\u00ednky o n\u011bjak\u00e9m fouk\u00e1ni sme mu museli zatrhnout, ale jinak ned\u011blal ostudu. \ud83d\ude00<\/p>\n<p>Jinak teda n\u011bjak\u00e9 ne\u0161kodn\u00e9 2m z\u00e1pad, teploty t\u011bsn\u011b nad nulou, chv\u00edlama i skoro modr\u00e1 obloha&#8230;tak\u017ee celkem pohodi\u010dka&#8230; <img src=\"https:\/\/mlz.frystacko.cz\/wp-includes\/images\/smilies\/mrgreen.png\" alt=\":mrgreen:\" class=\"wp-smiley\" style=\"height: 1em; max-height: 1em;\" \/> Pozd\u011bj k ve\u010deru se v\u00edc zat\u00e1hlo a krom\u011b chladu se u\u017e i \u0161e\u0159ilo, tak\u017ee sme kolem p\u016fl na 4 prchali, ka\u017ed\u00fd po sv\u00e9m.<\/p>\n<p>&nbsp;<\/p>\n","protected":false},"excerpt":{"rendered":"<p>Sobotn\u00ed poletov\u00e1n\u00ed &#8230;\u00a0 a p\u00e1r fotek do po\u010dtu.<\/p>\n","protected":false},"author":3,"featured_media":0,"comment_status":"open","ping_status":"closed","sticky":false,"template":"","format":"standard","meta":{"footnotes":""},"categories":[18],"tags":[],"class_list":["post-14832","post","type-post","status-publish","format-standard","hentry","category-provoz-na-letisti"],"_links":{"self":[{"href":"https:\/\/mlz.frystacko.cz\/index.php?rest_route=\/wp\/v2\/posts\/14832","targetHints":{"allow":["GET"]}}],"collection":[{"href":"https:\/\/mlz.frystacko.cz\/index.php?rest_route=\/wp\/v2\/posts"}],"about":[{"href":"https:\/\/mlz.frystacko.cz\/index.php?rest_route=\/wp\/v2\/types\/post"}],"author":[{"embeddable":true,"href":"https:\/\/mlz.frystacko.cz\/index.php?rest_route=\/wp\/v2\/users\/3"}],"replies":[{"embeddable":true,"href":"https:\/\/mlz.frystacko.cz\/index.php?rest_route=%2Fwp%2Fv2%2Fcomments&post=14832"}],"version-history":[{"count":4,"href":"https:\/\/mlz.frystacko.cz\/index.php?rest_route=\/wp\/v2\/posts\/14832\/revisions"}],"predecessor-version":[{"id":14857,"href":"https:\/\/mlz.frystacko.cz\/index.php?rest_route=\/wp\/v2\/posts\/14832\/revisions\/14857"}],"wp:attachment":[{"href":"https:\/\/mlz.frystacko.cz\/index.php?rest_route=%2Fwp%2Fv2%2Fmedia&parent=14832"}],"wp:term":[{"taxonomy":"category","embeddable":true,"href":"https:\/\/mlz.frystacko.cz\/index.php?rest_route=%2Fwp%2Fv2%2Fcategories&post=14832"},{"taxonomy":"post_tag","embeddable":true,"href":"https:\/\/mlz.frystacko.cz\/index.php?rest_route=%2Fwp%2Fv2%2Ftags&post=14832"}],"curies":[{"name":"wp","href":"https:\/\/api.w.org\/{rel}","templated":true}]}}