{"id":14926,"date":"2015-12-14T16:11:43","date_gmt":"2015-12-14T15:11:43","guid":{"rendered":"https:\/\/mlz.frystacko.cz\/?p=14926"},"modified":"2015-12-14T16:12:54","modified_gmt":"2015-12-14T15:12:54","slug":"nedelni-odpoledne","status":"publish","type":"post","link":"https:\/\/mlz.frystacko.cz\/?p=14926","title":{"rendered":"Ned\u011bln\u00ed odpoledne&#8230;"},"content":{"rendered":"<p><img loading=\"lazy\" decoding=\"async\" class=\"alignleft size-thumbnail wp-image-14939\" src=\"https:\/\/mlz.frystacko.cz\/wp-uploads\/2015\/12\/zm.IMG_7678-100x67.jpg\" alt=\"zm.IMG_7678\" width=\"100\" height=\"67\" srcset=\"https:\/\/mlz.frystacko.cz\/wp-uploads\/2015\/12\/zm.IMG_7678-100x67.jpg 100w, https:\/\/mlz.frystacko.cz\/wp-uploads\/2015\/12\/zm.IMG_7678-300x200.jpg 300w, https:\/\/mlz.frystacko.cz\/wp-uploads\/2015\/12\/zm.IMG_7678-768x512.jpg 768w, https:\/\/mlz.frystacko.cz\/wp-uploads\/2015\/12\/zm.IMG_7678-1024x683.jpg 1024w, https:\/\/mlz.frystacko.cz\/wp-uploads\/2015\/12\/zm.IMG_7678.jpg 1200w\" sizes=\"auto, (max-width: 100px) 100vw, 100px\" \/>M\u00e1lo v\u011btru, m\u00e1lo tepla, m\u00e1lo slunka &#8230;\u00a0 ale u\u0161lo to. \ud83d\ude42<\/p>\n<p><!--more-->Kuba mne sice budil u\u017e dopoledne, ale nevy\u0161lo to, tak\u017ee sme se na letiti vyst\u0159\u00eddali. \ud83d\ude42 (on prchal p\u0159ed p\u0159eh\u00e1\u0148kou a j\u00e1 p\u0159i n\u00ed nosil v\u011bci do auta, abych u\u017e byl po de\u0161ti na place&#8230;) Vzali sme s Radimem funcuby, on teda je\u0161t\u011b pohazovadlo a u\u017e\u00edvali sme si.<\/p>\n<p>P\u00e1n se sokol\u00edkem vzal tentokr\u00e1t i \u017eiv\u00e9 krmen\u00ed. Holuba. No ten u\u017e asi p\u0159\u00edli\u0161 ztloustnul nebo mu v tom chladu tuhnul ricin,\u00a0 ale krom p\u00e1r skok\u016f tr\u00e1vil \u010das na zemi, nej\u00e9pe za\u0161it\u00fd pod autem. P\u0159i pokusu o odchyt mu Radim vytrhl akor\u00e1t pe\u0159\u00ed z ocasu. \ud83d\ude00 (n\u011bco jak je\u0161t\u011brka&#8230; pr\u00fd to doroste). No holubovi to bylo plat prtn\u00e9, bo nakonec mu bylo zakrouceno krkem a poslou\u017e\u00ed jako krmen\u00ed ne\u017eiv\u00e9 (tak\u017ee tu u\u017e ocas dor\u016fstat nemus\u00ed). Sokol\u00edkovi se zase necht\u011blo vr\u00e1tit a r\u016fzn\u011b poletoval kolem&#8230;. no nakonec si nechal \u0159\u00edct. Mo\u017en\u00e1 sme se mu nel\u00edbili my. \ud83d\ude42 (no&#8230; bych se nedivil)<\/p>\n<p>Jirka p\u0159ikva\u010dil na chvilku s guppym&#8230; nev\u00edm jesti to byl z\u00e1let nebo co, ale ust\u00e1l to celkem bez pot\u00ed\u017e\u00ed, no sm\u011brovku pr\u00fd bude p\u0159ed\u011bl\u00e1vat&#8230; se mu cosi nel\u00edbilo.\u00a0 P\u011bkn\u00e9 letadlo, takhle od poledu.<\/p>\n","protected":false},"excerpt":{"rendered":"<p>M\u00e1lo v\u011btru, m\u00e1lo tepla, m\u00e1lo slunka &#8230;\u00a0 ale u\u0161lo to. \ud83d\ude42<\/p>\n","protected":false},"author":3,"featured_media":0,"comment_status":"open","ping_status":"closed","sticky":false,"template":"","format":"standard","meta":{"footnotes":""},"categories":[18],"tags":[],"class_list":["post-14926","post","type-post","status-publish","format-standard","hentry","category-provoz-na-letisti"],"_links":{"self":[{"href":"https:\/\/mlz.frystacko.cz\/index.php?rest_route=\/wp\/v2\/posts\/14926","targetHints":{"allow":["GET"]}}],"collection":[{"href":"https:\/\/mlz.frystacko.cz\/index.php?rest_route=\/wp\/v2\/posts"}],"about":[{"href":"https:\/\/mlz.frystacko.cz\/index.php?rest_route=\/wp\/v2\/types\/post"}],"author":[{"embeddable":true,"href":"https:\/\/mlz.frystacko.cz\/index.php?rest_route=\/wp\/v2\/users\/3"}],"replies":[{"embeddable":true,"href":"https:\/\/mlz.frystacko.cz\/index.php?rest_route=%2Fwp%2Fv2%2Fcomments&post=14926"}],"version-history":[{"count":1,"href":"https:\/\/mlz.frystacko.cz\/index.php?rest_route=\/wp\/v2\/posts\/14926\/revisions"}],"predecessor-version":[{"id":14953,"href":"https:\/\/mlz.frystacko.cz\/index.php?rest_route=\/wp\/v2\/posts\/14926\/revisions\/14953"}],"wp:attachment":[{"href":"https:\/\/mlz.frystacko.cz\/index.php?rest_route=%2Fwp%2Fv2%2Fmedia&parent=14926"}],"wp:term":[{"taxonomy":"category","embeddable":true,"href":"https:\/\/mlz.frystacko.cz\/index.php?rest_route=%2Fwp%2Fv2%2Fcategories&post=14926"},{"taxonomy":"post_tag","embeddable":true,"href":"https:\/\/mlz.frystacko.cz\/index.php?rest_route=%2Fwp%2Fv2%2Ftags&post=14926"}],"curies":[{"name":"wp","href":"https:\/\/api.w.org\/{rel}","templated":true}]}}