{"id":14960,"date":"2015-12-18T22:15:05","date_gmt":"2015-12-18T21:15:05","guid":{"rendered":"https:\/\/mlz.frystacko.cz\/?p=14960"},"modified":"2015-12-18T23:38:57","modified_gmt":"2015-12-18T22:38:57","slug":"dnes-odvezeny-obe-lavice-i-vetrny-rukav","status":"publish","type":"post","link":"https:\/\/mlz.frystacko.cz\/?p=14960","title":{"rendered":"Dnes odvezeny ob\u011b lavice i v\u011btrn\u00fd ruk\u00e1v"},"content":{"rendered":"<p><img loading=\"lazy\" decoding=\"async\" class=\"alignleft wp-image-14964 size-thumbnail\" src=\"https:\/\/mlz.frystacko.cz\/wp-uploads\/2015\/12\/IMG_20151218_103026-100x56.jpg\" alt=\"IMG_20151218_103026\" width=\"100\" height=\"56\" srcset=\"https:\/\/mlz.frystacko.cz\/wp-uploads\/2015\/12\/IMG_20151218_103026-100x56.jpg 100w, https:\/\/mlz.frystacko.cz\/wp-uploads\/2015\/12\/IMG_20151218_103026-300x169.jpg 300w, https:\/\/mlz.frystacko.cz\/wp-uploads\/2015\/12\/IMG_20151218_103026-768x432.jpg 768w, https:\/\/mlz.frystacko.cz\/wp-uploads\/2015\/12\/IMG_20151218_103026.jpg 820w\" sizes=\"auto, (max-width: 100px) 100vw, 100px\" \/>Ahoj v\u0161ichni, dnes z leti\u0161t\u011b odvezeny lavice i ruk\u00e1v k zazimov\u00e1n\u00ed k Radkovi, kter\u00e9mu pat\u0159\u00ed\u00a0d\u00edky za \u00faschovu.<\/p>\n<p><!--more--><\/p>\n<p>Rovn\u011b\u017e d\u011bkuji tch\u00e1novi Pepovi, kter\u00fd se mi nab\u00eddl s odvozem. Co m\u011b mrz\u00ed je, \u017ee nikdo za celou dobu &#8222;dejme tomu i p\u0159i vysed\u00e1v\u00e1n\u00ed Uf\u00edka&#8220; neprojev\u00ed sebemen\u0161\u00ed z\u00e1jem o odvoz \u010di dovoz lavic. V\u0161ak on to n\u011bkdo ud\u011bl\u00e1! Dob\u0159e se to l\u00e9t\u00e1 na pose\u010den\u00e9m leti\u0161ti, kdy\u017e je si i na co sednout! B\u00fdvaly doby, kdy se na sch\u016fzk\u00e1ch \u0159e\u0161ily i v\u011bci kolem leti\u0161t\u011b. Zkuste o tom p\u0159es zimu pop\u0159em\u00fd\u0161let, d\u00edky.<\/p>\n<p>&nbsp;<\/p>\n","protected":false},"excerpt":{"rendered":"<p>Ahoj v\u0161ichni, dnes z leti\u0161t\u011b odvezeny lavice i ruk\u00e1v k zazimov\u00e1n\u00ed k Radkovi, kter\u00e9mu pat\u0159\u00ed\u00a0d\u00edky za \u00faschovu.<\/p>\n","protected":false},"author":4,"featured_media":0,"comment_status":"open","ping_status":"closed","sticky":false,"template":"","format":"standard","meta":{"footnotes":""},"categories":[8],"tags":[],"class_list":["post-14960","post","type-post","status-publish","format-standard","hentry","category-udrzba"],"_links":{"self":[{"href":"https:\/\/mlz.frystacko.cz\/index.php?rest_route=\/wp\/v2\/posts\/14960","targetHints":{"allow":["GET"]}}],"collection":[{"href":"https:\/\/mlz.frystacko.cz\/index.php?rest_route=\/wp\/v2\/posts"}],"about":[{"href":"https:\/\/mlz.frystacko.cz\/index.php?rest_route=\/wp\/v2\/types\/post"}],"author":[{"embeddable":true,"href":"https:\/\/mlz.frystacko.cz\/index.php?rest_route=\/wp\/v2\/users\/4"}],"replies":[{"embeddable":true,"href":"https:\/\/mlz.frystacko.cz\/index.php?rest_route=%2Fwp%2Fv2%2Fcomments&post=14960"}],"version-history":[{"count":6,"href":"https:\/\/mlz.frystacko.cz\/index.php?rest_route=\/wp\/v2\/posts\/14960\/revisions"}],"predecessor-version":[{"id":14969,"href":"https:\/\/mlz.frystacko.cz\/index.php?rest_route=\/wp\/v2\/posts\/14960\/revisions\/14969"}],"wp:attachment":[{"href":"https:\/\/mlz.frystacko.cz\/index.php?rest_route=%2Fwp%2Fv2%2Fmedia&parent=14960"}],"wp:term":[{"taxonomy":"category","embeddable":true,"href":"https:\/\/mlz.frystacko.cz\/index.php?rest_route=%2Fwp%2Fv2%2Fcategories&post=14960"},{"taxonomy":"post_tag","embeddable":true,"href":"https:\/\/mlz.frystacko.cz\/index.php?rest_route=%2Fwp%2Fv2%2Ftags&post=14960"}],"curies":[{"name":"wp","href":"https:\/\/api.w.org\/{rel}","templated":true}]}}