{"id":14973,"date":"2015-12-24T19:39:49","date_gmt":"2015-12-24T18:39:49","guid":{"rendered":"https:\/\/mlz.frystacko.cz\/?p=14973"},"modified":"2015-12-24T19:40:08","modified_gmt":"2015-12-24T18:40:08","slug":"stredecni-relax","status":"publish","type":"post","link":"https:\/\/mlz.frystacko.cz\/?p=14973","title":{"rendered":"St\u0159ede\u010dn\u00ed relax&#8230;"},"content":{"rendered":"<p><img loading=\"lazy\" decoding=\"async\" class=\"alignleft size-thumbnail wp-image-14975\" src=\"https:\/\/mlz.frystacko.cz\/wp-uploads\/2015\/12\/zm.IMG_8380-100x67.jpg\" alt=\"zm.IMG_8380\" width=\"100\" height=\"67\" srcset=\"https:\/\/mlz.frystacko.cz\/wp-uploads\/2015\/12\/zm.IMG_8380-100x67.jpg 100w, https:\/\/mlz.frystacko.cz\/wp-uploads\/2015\/12\/zm.IMG_8380-300x200.jpg 300w, https:\/\/mlz.frystacko.cz\/wp-uploads\/2015\/12\/zm.IMG_8380-768x512.jpg 768w, https:\/\/mlz.frystacko.cz\/wp-uploads\/2015\/12\/zm.IMG_8380-1024x683.jpg 1024w, https:\/\/mlz.frystacko.cz\/wp-uploads\/2015\/12\/zm.IMG_8380.jpg 1200w\" sizes=\"auto, (max-width: 100px) 100vw, 100px\" \/>P\u00e1r fotek ze st\u0159edy&#8230;. a Kuba si zal\u00e9tl Scaryho&#8230;<\/p>\n<p><!--more-->Nev\u00edm, jestli je to n\u00e1hoda nebo to vyhro\u017eovan\u00e9 glob\u00e1ln\u00ed oteplov\u00e1n\u00ed, ale takov\u00e9 teplo u\u017e na konec prosinca neb\u00fdvalo zvykem&#8230; komu by to ale vadilo? \ud83d\ude42 (kdy\u017e teda nepo\u010d\u00edtam prase, kter\u00e9 se od lo\u0148ska t\u011b\u0161\u00ed na ly\u017ee)<\/p>\n<p>Postupn\u011b se tam, v\u017edy na chv\u00edlu, uk\u00e1zalo p\u00e1r lid\u00ed. Kuba si pr\u00fd p\u0159i\u0161el zal\u00e9tnou Scaryho&#8230; no zal\u00e9tnout&#8230; se boj\u00edm, a\u017e bude l\u00e9tat norm\u00e1ln\u011b. U\u017e te\u010f s t\u00edm zase l\u00e9tal jak \u0161\u00edlenec. M\u00e1 oran\u017eovou povrchovku, aby se jim to nepletlo s t\u00edm, co m\u00e1 tat\u00edk. \ud83d\ude00\u00a0 (no co, taky se tah\u00e1m na kopec s Dingo\u0161em, co m\u00e1me s Radkem Kr\u00e1l\u00edkem oba bled\u011b modr\u00e9&#8230; zat\u00edm nebyl probl\u00e9m)<\/p>\n<p>Ehm&#8230; let\u011blo tam kolem st\u00e1do (sme\u010dka? houf?) pt\u00e1k\u016f, ale jestli se st\u011bhovalo p\u0159ed zimou nebo u\u017e pochopili, \u017ee zima letos nebude a let\u011bli zp\u011bt&#8230; nev\u00edm. \ud83d\ude44 (let\u011bli sm\u011brem na z\u00e1pad. Co jsou za\u010d sem se jich neptal, ale podle hlasu m\u016f\u017eu zaru\u010dit, \u017ee slepice to nebyly&#8230; ty pozn\u00e1m&#8230; a p\u0161trosi taky ne. :-p )<\/p>\n","protected":false},"excerpt":{"rendered":"<p>P\u00e1r fotek ze st\u0159edy&#8230;. a Kuba si zal\u00e9tl Scaryho&#8230;<\/p>\n","protected":false},"author":3,"featured_media":0,"comment_status":"open","ping_status":"closed","sticky":false,"template":"","format":"standard","meta":{"footnotes":""},"categories":[18],"tags":[],"class_list":["post-14973","post","type-post","status-publish","format-standard","hentry","category-provoz-na-letisti"],"_links":{"self":[{"href":"https:\/\/mlz.frystacko.cz\/index.php?rest_route=\/wp\/v2\/posts\/14973","targetHints":{"allow":["GET"]}}],"collection":[{"href":"https:\/\/mlz.frystacko.cz\/index.php?rest_route=\/wp\/v2\/posts"}],"about":[{"href":"https:\/\/mlz.frystacko.cz\/index.php?rest_route=\/wp\/v2\/types\/post"}],"author":[{"embeddable":true,"href":"https:\/\/mlz.frystacko.cz\/index.php?rest_route=\/wp\/v2\/users\/3"}],"replies":[{"embeddable":true,"href":"https:\/\/mlz.frystacko.cz\/index.php?rest_route=%2Fwp%2Fv2%2Fcomments&post=14973"}],"version-history":[{"count":4,"href":"https:\/\/mlz.frystacko.cz\/index.php?rest_route=\/wp\/v2\/posts\/14973\/revisions"}],"predecessor-version":[{"id":14992,"href":"https:\/\/mlz.frystacko.cz\/index.php?rest_route=\/wp\/v2\/posts\/14973\/revisions\/14992"}],"wp:attachment":[{"href":"https:\/\/mlz.frystacko.cz\/index.php?rest_route=%2Fwp%2Fv2%2Fmedia&parent=14973"}],"wp:term":[{"taxonomy":"category","embeddable":true,"href":"https:\/\/mlz.frystacko.cz\/index.php?rest_route=%2Fwp%2Fv2%2Fcategories&post=14973"},{"taxonomy":"post_tag","embeddable":true,"href":"https:\/\/mlz.frystacko.cz\/index.php?rest_route=%2Fwp%2Fv2%2Ftags&post=14973"}],"curies":[{"name":"wp","href":"https:\/\/api.w.org\/{rel}","templated":true}]}}