{"id":15687,"date":"2016-03-09T22:10:24","date_gmt":"2016-03-09T21:10:24","guid":{"rendered":"https:\/\/mlz.frystacko.cz\/?p=15687"},"modified":"2016-03-13T19:17:24","modified_gmt":"2016-03-13T18:17:24","slug":"stredecni-poletovani","status":"publish","type":"post","link":"https:\/\/mlz.frystacko.cz\/?p=15687","title":{"rendered":"St\u0159ede\u010dn\u00ed poletov\u00e1n\u00ed&#8230;."},"content":{"rendered":"<p><img loading=\"lazy\" decoding=\"async\" class=\"alignleft wp-image-15709 size-thumbnail\" src=\"https:\/\/mlz.frystacko.cz\/wp-uploads\/2016\/03\/zm.IMG_5228-100x67.jpg\" alt=\"zm.IMG_5228\" width=\"100\" height=\"67\" srcset=\"https:\/\/mlz.frystacko.cz\/wp-uploads\/2016\/03\/zm.IMG_5228-100x67.jpg 100w, https:\/\/mlz.frystacko.cz\/wp-uploads\/2016\/03\/zm.IMG_5228-300x200.jpg 300w, https:\/\/mlz.frystacko.cz\/wp-uploads\/2016\/03\/zm.IMG_5228-768x512.jpg 768w, https:\/\/mlz.frystacko.cz\/wp-uploads\/2016\/03\/zm.IMG_5228-1024x683.jpg 1024w, https:\/\/mlz.frystacko.cz\/wp-uploads\/2016\/03\/zm.IMG_5228.jpg 1200w\" sizes=\"auto, (max-width: 100px) 100vw, 100px\" \/>No, tak se n\u011bkte\u0159\u00ed hecli a pr\u00fd u\u017e by to mohlo j\u00edt stihnout i po pr\u00e1ci. Jak kdo, teda, ale &#8230; \u0161lo to.<\/p>\n<p><!--more-->Dob\u0159e, \u0159ekn\u011bme, \u017ee to bylo u n\u011bkter\u00fdch s men\u0161\u00ed \u010di v\u011bt\u0161\u00ed snahou, &#8230; ale Jirka sl\u00edbil z\u00e1let E-hawka (co si pokoutn\u011b v zim\u011b stavil) \u010di jak se tomu nad\u00e1v\u00e1 a pr\u00fd o v\u00edkendu to nepude&#8230;<\/p>\n<p>P\u0159ijel sem v dob\u011b, kdy tam byl u\u017e skoro n\u00e1val. (4 piloti na tuto \u010d\u00e1st roku \ud83d\ude44 ). Radek s Jardou si p\u0159evzali putovn\u00ed poh\u00e1r O nejv\u011bt\u0161\u00edho nedo\u010dkavca a o den trumfli <a href=\"https:\/\/mlz.frystacko.cz\/?p=10441\" target=\"_blank\">lo\u0148sk\u00e9ho v\u00edt\u011bze<\/a>. (ikdy\u017e methyl to nen\u00ed, ale pravidla zat\u00edm nikdo neup\u0159esnil)<\/p>\n<p>Vzal sem na v\u00fdlet prase. S kole\u010dkama letos je\u0161t\u011b nebylo. Jardovy nar\u00e1\u017eky o provozu na p\u00e1dovce sem z \u010d\u00e1sti vysv\u011btloval (asi zbyte\u010dn\u011b \ud83d\ude00 ), z \u010d\u00e1sti ignoroval (taky asi zbyte\u010dn\u011b <img src=\"https:\/\/mlz.frystacko.cz\/wp-includes\/images\/smilies\/mrgreen.png\" alt=\":mrgreen:\" class=\"wp-smiley\" style=\"height: 1em; max-height: 1em;\" \/> ).\u00a0 Uzn\u00e1v\u00e1m, \u017ee v\u011btro\u0148 to nen\u00ed, no&#8230;\u00a0 Slab\u0161\u00ed pohon, viset to neum\u00ed, baterky po zim\u011b unaven\u00e9, r\u016fzn\u011b pokroucen\u00e9, a dob\u0159e, taky pon\u011bkud b\u00eddn\u00e1 obsluha&#8230; ale zase se vcelku dob\u0159e opravuje. \ud83d\ude44<\/p>\n<p>Jirka se chv\u00edlu tv\u00e1\u0159il velkoryse a pou\u0161t\u011bl l\u00e9tat v\u0161echy okolo, ale nakonec mu to stejn\u011b nedalo a &#8222;klouznul&#8220; to&#8230; celkem dobr\u00e9, no vzhledem ke konstrukci a mal\u00e9 rychlosti daleko nedoklouzal&#8230; m\u011bl m\u00e1lo \u010dasu n\u011bco zkusit &#8230; a tak si to stejn\u011b muselo odvr\u010det po\u0159\u00e1dn\u00fd start. Trochu dotrimoval, pol\u00e9tal. Foukalo mu od severu, co\u017e tam v\u011bt\u0161inou sp\u00ed\u0161 shazuje ne\u017e by nosilo. Rychle nab\u00edt baterku. Na druh\u00fd start tro\u0161ku s t\u011b\u017ei\u0161t\u011bm dozadu. A pol\u00e9tal docela dob\u0159e. Asi bude dobr\u00e9 za lep\u0161\u00edch podm\u00ednek vyzkou\u0161et, co to ve vzduchu snese (pomalost), a p\u0159\u00edpadn\u011b naopak vymyslet balast, bo gzichtem to p\u016fsob\u00ed sp\u00ed\u0161 jako rychlej\u0161\u00ed stroj ne\u017e plou\u017eidlo. Ot\u00e1zka, na co si stavitel troufne. \ud83d\ude42 P\u0159eji, aby to d\u011blalo hlavn\u011b radost.<\/p>\n<p>Odj\u00ed\u017ed\u011bli sme pak s Jirkou posledn\u00ed n\u011bkdy po 6, sp\u00ed\u0161 kv\u016fli zim\u011b. No pro za\u010d\u00e1tek dobr\u00e9&#8230; v\u00edkend zat\u00edm vypad\u00e1 sp\u00ed\u0161 na kopec u Ratibo\u0159i, ne\u017e leti\u0161t\u011b. \ud83d\ude42<\/p>\n","protected":false},"excerpt":{"rendered":"<p>No, tak se n\u011bkte\u0159\u00ed hecli a pr\u00fd u\u017e by to mohlo j\u00edt stihnout i po pr\u00e1ci. Jak kdo, teda, ale &#8230; \u0161lo to.<\/p>\n","protected":false},"author":3,"featured_media":0,"comment_status":"open","ping_status":"closed","sticky":false,"template":"","format":"standard","meta":{"footnotes":""},"categories":[18],"tags":[],"class_list":["post-15687","post","type-post","status-publish","format-standard","hentry","category-provoz-na-letisti"],"_links":{"self":[{"href":"https:\/\/mlz.frystacko.cz\/index.php?rest_route=\/wp\/v2\/posts\/15687","targetHints":{"allow":["GET"]}}],"collection":[{"href":"https:\/\/mlz.frystacko.cz\/index.php?rest_route=\/wp\/v2\/posts"}],"about":[{"href":"https:\/\/mlz.frystacko.cz\/index.php?rest_route=\/wp\/v2\/types\/post"}],"author":[{"embeddable":true,"href":"https:\/\/mlz.frystacko.cz\/index.php?rest_route=\/wp\/v2\/users\/3"}],"replies":[{"embeddable":true,"href":"https:\/\/mlz.frystacko.cz\/index.php?rest_route=%2Fwp%2Fv2%2Fcomments&post=15687"}],"version-history":[{"count":6,"href":"https:\/\/mlz.frystacko.cz\/index.php?rest_route=\/wp\/v2\/posts\/15687\/revisions"}],"predecessor-version":[{"id":15740,"href":"https:\/\/mlz.frystacko.cz\/index.php?rest_route=\/wp\/v2\/posts\/15687\/revisions\/15740"}],"wp:attachment":[{"href":"https:\/\/mlz.frystacko.cz\/index.php?rest_route=%2Fwp%2Fv2%2Fmedia&parent=15687"}],"wp:term":[{"taxonomy":"category","embeddable":true,"href":"https:\/\/mlz.frystacko.cz\/index.php?rest_route=%2Fwp%2Fv2%2Fcategories&post=15687"},{"taxonomy":"post_tag","embeddable":true,"href":"https:\/\/mlz.frystacko.cz\/index.php?rest_route=%2Fwp%2Fv2%2Ftags&post=15687"}],"curies":[{"name":"wp","href":"https:\/\/api.w.org\/{rel}","templated":true}]}}