{"id":15771,"date":"2016-03-18T00:11:50","date_gmt":"2016-03-17T23:11:50","guid":{"rendered":"https:\/\/mlz.frystacko.cz\/?p=15771"},"modified":"2016-03-18T00:11:50","modified_gmt":"2016-03-17T23:11:50","slug":"uz-se-da-letat-az-do-6","status":"publish","type":"post","link":"https:\/\/mlz.frystacko.cz\/?p=15771","title":{"rendered":"U\u017e se d\u00e1 l\u00e9tat a\u017e do 6&#8230; :)"},"content":{"rendered":"<p><img loading=\"lazy\" decoding=\"async\" class=\"alignleft size-thumbnail wp-image-15772\" src=\"https:\/\/mlz.frystacko.cz\/wp-uploads\/2016\/03\/zm.IMG_7113-100x67.jpg\" alt=\"zm.IMG_7113\" width=\"100\" height=\"67\" srcset=\"https:\/\/mlz.frystacko.cz\/wp-uploads\/2016\/03\/zm.IMG_7113-100x67.jpg 100w, https:\/\/mlz.frystacko.cz\/wp-uploads\/2016\/03\/zm.IMG_7113-300x200.jpg 300w, https:\/\/mlz.frystacko.cz\/wp-uploads\/2016\/03\/zm.IMG_7113-768x512.jpg 768w, https:\/\/mlz.frystacko.cz\/wp-uploads\/2016\/03\/zm.IMG_7113-1024x683.jpg 1024w, https:\/\/mlz.frystacko.cz\/wp-uploads\/2016\/03\/zm.IMG_7113.jpg 1200w\" sizes=\"auto, (max-width: 100px) 100vw, 100px\" \/>\u010ctvrtek byl vyu\u017eit jak to \u0161lo, nap\u0159. Honza si znovu zal\u00e9tl Birda&#8230;<\/p>\n<p><!--more-->Nic velk\u00e9ho, prost\u011b u\u017e se d\u00e1 st\u00edhat p\u0159ijet na chvilku na leti\u0161t\u011b a do 6 bez probl\u00e9m\u016f l\u00e9tat.\u00a0 Slunko sv\u00edtilo, ti co p\u0159i\u0161li obzvl\u00e1\u0161\u0165 brzy, stihli i termiku.<\/p>\n<p>Honza po p\u0159edchoz\u00ed nehod\u011b osadil nov\u00fd trup a dnes si to v\u0161e ve vzduchu po\u0159\u00e1dn\u011b vyzkou\u0161el. Po\u0159\u00eddil i nov\u00e9 r\u00e1dio, tak\u017ee m\u011bl co nastavovat. No vypad\u00e1 to, \u017ee se s r\u00e1diem (a jeho mo\u017enostmi) u\u017e docela rychle s\u017eil. \ud83d\ude42 Nav\u00edc se chv\u00e1lil, \u017ee u\u017e nemus\u00ed sund\u00e1vat k\u0159\u00eddlo, kdy\u017e m\u011bn\u00ed baterku. (tedy pro n\u011bkter\u00e9 &#8211; ano, jde to <img src=\"https:\/\/mlz.frystacko.cz\/wp-includes\/images\/smilies\/mrgreen.png\" alt=\":mrgreen:\" class=\"wp-smiley\" style=\"height: 1em; max-height: 1em;\" \/> )<\/p>\n<p>Petr vyt\u00e1hl po dlouh\u00e9 dob\u011b i Iona, Jirka sv\u00e9ho E-hawka&#8230; a Ruda p\u0159inesl jakousi mketu trpasl\u00edka 1:2&#8230; no i to l\u00e9talo&#8230;\u00a0 \ud83d\ude42<\/p>\n<p>Pokud by takov\u00fdch dn\u00ed bylo v\u00edc, ur\u010dit\u011b bysme se nezlobili&#8230;.<\/p>\n","protected":false},"excerpt":{"rendered":"<p>\u010ctvrtek byl vyu\u017eit jak to \u0161lo, nap\u0159. Honza si znovu zal\u00e9tl Birda&#8230;<\/p>\n","protected":false},"author":3,"featured_media":0,"comment_status":"open","ping_status":"closed","sticky":false,"template":"","format":"standard","meta":{"footnotes":""},"categories":[18],"tags":[],"class_list":["post-15771","post","type-post","status-publish","format-standard","hentry","category-provoz-na-letisti"],"_links":{"self":[{"href":"https:\/\/mlz.frystacko.cz\/index.php?rest_route=\/wp\/v2\/posts\/15771","targetHints":{"allow":["GET"]}}],"collection":[{"href":"https:\/\/mlz.frystacko.cz\/index.php?rest_route=\/wp\/v2\/posts"}],"about":[{"href":"https:\/\/mlz.frystacko.cz\/index.php?rest_route=\/wp\/v2\/types\/post"}],"author":[{"embeddable":true,"href":"https:\/\/mlz.frystacko.cz\/index.php?rest_route=\/wp\/v2\/users\/3"}],"replies":[{"embeddable":true,"href":"https:\/\/mlz.frystacko.cz\/index.php?rest_route=%2Fwp%2Fv2%2Fcomments&post=15771"}],"version-history":[{"count":3,"href":"https:\/\/mlz.frystacko.cz\/index.php?rest_route=\/wp\/v2\/posts\/15771\/revisions"}],"predecessor-version":[{"id":15804,"href":"https:\/\/mlz.frystacko.cz\/index.php?rest_route=\/wp\/v2\/posts\/15771\/revisions\/15804"}],"wp:attachment":[{"href":"https:\/\/mlz.frystacko.cz\/index.php?rest_route=%2Fwp%2Fv2%2Fmedia&parent=15771"}],"wp:term":[{"taxonomy":"category","embeddable":true,"href":"https:\/\/mlz.frystacko.cz\/index.php?rest_route=%2Fwp%2Fv2%2Fcategories&post=15771"},{"taxonomy":"post_tag","embeddable":true,"href":"https:\/\/mlz.frystacko.cz\/index.php?rest_route=%2Fwp%2Fv2%2Ftags&post=15771"}],"curies":[{"name":"wp","href":"https:\/\/api.w.org\/{rel}","templated":true}]}}