{"id":15806,"date":"2016-03-19T21:47:23","date_gmt":"2016-03-19T20:47:23","guid":{"rendered":"https:\/\/mlz.frystacko.cz\/?p=15806"},"modified":"2016-03-20T23:54:25","modified_gmt":"2016-03-20T22:54:25","slug":"sobotni-provoz-3","status":"publish","type":"post","link":"https:\/\/mlz.frystacko.cz\/?p=15806","title":{"rendered":"Sobotn\u00ed provoz&#8230;"},"content":{"rendered":"<p><img loading=\"lazy\" decoding=\"async\" class=\"alignleft size-thumbnail wp-image-15808\" src=\"https:\/\/mlz.frystacko.cz\/wp-uploads\/2016\/03\/zm.IMG_7364-100x67.jpg\" alt=\"zm.IMG_7364\" width=\"100\" height=\"67\" srcset=\"https:\/\/mlz.frystacko.cz\/wp-uploads\/2016\/03\/zm.IMG_7364-100x67.jpg 100w, https:\/\/mlz.frystacko.cz\/wp-uploads\/2016\/03\/zm.IMG_7364-300x200.jpg 300w, https:\/\/mlz.frystacko.cz\/wp-uploads\/2016\/03\/zm.IMG_7364-768x512.jpg 768w, https:\/\/mlz.frystacko.cz\/wp-uploads\/2016\/03\/zm.IMG_7364-1024x683.jpg 1024w, https:\/\/mlz.frystacko.cz\/wp-uploads\/2016\/03\/zm.IMG_7364.jpg 1200w\" sizes=\"auto, (max-width: 100px) 100vw, 100px\" \/>M\u00e1lo v\u011btru, m\u00e1lo zimy&#8230; poletovac\u00ed sobotn\u00ed odpoledne bylo fajn. \ud83d\ude42<\/p>\n<p>Edit: &#8230; a ned\u011bla taky u\u0161la. <!--more-->Ba\u0159inkovi dnes vyslali z\u00e1stupce s Corsairem, ale zapomn\u011bli mu \u0159\u00edct, \u017ee to je\u0161t\u011b nen\u00ed na tren\u00fdrky. Tak\u017ee Honza otestoval, odl\u00e9tal baterku, nerozbil, vymrzl a jel dom. \ud83d\ude42<\/p>\n<p>Tak\u017ee sme tam z\u016fstali zase jen 2. Po \u010dase se probudil aspo\u0148 Jirka. Pelda sp\u00e1chal dal\u0161\u00ed dva-t\u0159i lety s Birdem, nem\u011bl u\u017e po\u0159\u00e1dn\u011b co se\u0159izovat, tak do\u0161lo na vylomeniny a testov\u00e1n\u00ed p\u0159eta\u017een\u00ed, aby t\u0159eba p\u0159\u00ed\u0161t\u011b v\u011bd\u011bl. Ano, p\u0159i p\u0159eta\u017een\u00ed to m\u00e1 tendenci j\u00edt po k\u0159\u00eddle, ale nic hrozn\u00e9ho. V pozd\u011bj\u0161\u00edm \u010dase si p\u016fj\u010dil i Funcuba a honil psa, aby ho Radim nep\u0159ivezl dom\u016f moc \u010dil\u00e9ho. \ud83d\ude00 Ostatn\u00ed letadla El\u00edka n\u011bjak nezaj\u00edmaly&#8230; p\u0159eci jen s FC si jeden troufne let\u011bt pomalu a n\u00edzko a to ten pes dok\u00e1\u017ee n\u00e1le\u017eit\u011b ocenit. <img src=\"https:\/\/mlz.frystacko.cz\/wp-includes\/images\/smilies\/mrgreen.png\" alt=\":mrgreen:\" class=\"wp-smiley\" style=\"height: 1em; max-height: 1em;\" \/><\/p>\n<p>Cessni\u010dka u\u017e taky letos dostala 2x \u0161anci. Opovrhl sem ale tr\u00e1vou na leti\u0161ti a \u0161el &#8222;rad\u011bji&#8220; z cesty. Krom lehk\u00e9ho z\u00e1padn\u00edho v\u00e1nku a gramlav\u00fdch ruk mi vlastn\u011b nic nevadilo&#8230;.jen na p\u0159ist\u00e1n\u00ed tr\u00e1va kolem cesty. <img src=\"https:\/\/mlz.frystacko.cz\/wp-includes\/images\/smilies\/mrgreen.png\" alt=\":mrgreen:\" class=\"wp-smiley\" style=\"height: 1em; max-height: 1em;\" \/> No asi sem trefil dobr\u00fd flek (v obou p\u0159\u00edpadech? \ud83d\ude44 ), nebo &#8222;m\u00edrn\u011b&#8220; p\u0159edimenzovan\u00fd podvozek odpustil&#8230; \u017e\u00e1dn\u00e1 \u0161koda nevznikla, nen\u00ed co spravovat, n\u011bkdy p\u0159\u00ed\u0161t\u011b m\u016f\u017ee j\u00edt zas. Je poznat, \u017ee s n\u00ed moc nal\u00e9tan\u00e9 nem\u00e1m, na p\u0159ist\u00e1n\u00ed s t\u00edm po\u0159\u00e1d trochu bojuji. V ka\u017ed\u00e9m p\u0159\u00edpad\u011b sem j\u00ed sl\u00edbil na leto\u0161n\u00ed sezonu 2 sady baterek m\u00edsto 1. \ud83d\ude42<\/p>\n<p>Jirka st\u0159\u00eddal\u00a0 E-Hawka a akrob\u00e1tka. A v\u0161ichni sme se i p\u0159es rozd\u00edln\u00e9 kategorie nakonec svorn\u011b se\u0161li u moj\u00ed vypasen\u00e9 \u0161ediv\u00e9 lithiovky za \u00fa\u010delem krmen\u00ed pohonn\u00fdch \u010dl\u00e1nk\u016f.\u00a0 \u017ee se to\u010dily. \ud83d\ude00<\/p>\n<p>Z\u00edtra m\u00e1 pofukovat jen nepatrn\u011b v\u00edc, tak\u017ee bych to pojal jako lou\u010den\u00ed se zimou, proto\u017ee &#8222;pr\u00fd&#8220; 20. b\u0159ezna v cca 5:31 p\u0159eleze slunko rovn\u00edk a za\u010dne n\u00e1m (alespo\u0148 pap\u00edrov\u011b) <strong>JARO<\/strong>. \ud83d\ude00 A za t\u00fdden posunou \u010das a pak to teprve p\u0159ijde!<\/p>\n<hr \/>\n<p>Edit 20.3.: V ned\u011blu Radim kolem poledne uspal d\u00edt\u011b a \u0161el se rychle vyl\u00e9tat, ne\u017e se ratolest vzbud\u00ed&#8230; d\u011blal sem mu spole\u010dnost. \ud83d\ude42 Po \u010dase se uk\u00e1zal Radek bez letadla, tak sme mu &#8222;za trest&#8220; str\u010dili do ruk Funcuba&#8230; vedl n\u011bjak\u00e9 remcav\u00e9 \u0159e\u010di na adresu r\u00e1dia, ale jinak moc nenad\u00e1val. \ud83d\ude42 Po \u010dase ho vyhnala zima. Jako dal\u0161\u00ed se dostavil Pavel s Edou. Oba s nov\u00fdmi r\u00e1dii. Eda si polep\u0161il Pavlovou Aurorou. Maj\u00ed si oba na co zvykat, ale nejsp\u00ed\u0161 u\u017e nen\u00ed cesty zp\u011bt. \ud83d\ude00 Ale\u0161 n\u00e1m sice ozn\u00e1mil, jak u\u017e r\u00e1no l\u00e9tal, ale nesetkal se moc s pochopen\u00edm&#8230;. n\u011bkte\u0159\u00ed maj\u00ed tou dobou jin\u00e9 povinnosti&#8230; ostatn\u00ed p\u016flnoc. \ud83d\ude42<\/p>\n<p>Jinak teda to jaro je docela studen\u00e9, abych pravdu \u0159ekl. V dob\u011b kdy sem odj\u00ed\u017ed\u011bl u\u017e m\u011bli svetlo kolem Kromcla. U n\u00e1s slunko vylezlo a\u017e ve\u010der, asi jen aby nakrklo co nejv\u00edc lid\u00ed. \ud83d\ude42<\/p>\n","protected":false},"excerpt":{"rendered":"<p>M\u00e1lo v\u011btru, m\u00e1lo zimy&#8230; poletovac\u00ed sobotn\u00ed odpoledne bylo fajn. \ud83d\ude42 Edit: &#8230; a ned\u011bla taky u\u0161la.<\/p>\n","protected":false},"author":3,"featured_media":0,"comment_status":"open","ping_status":"closed","sticky":false,"template":"","format":"standard","meta":{"footnotes":""},"categories":[18],"tags":[],"class_list":["post-15806","post","type-post","status-publish","format-standard","hentry","category-provoz-na-letisti"],"_links":{"self":[{"href":"https:\/\/mlz.frystacko.cz\/index.php?rest_route=\/wp\/v2\/posts\/15806","targetHints":{"allow":["GET"]}}],"collection":[{"href":"https:\/\/mlz.frystacko.cz\/index.php?rest_route=\/wp\/v2\/posts"}],"about":[{"href":"https:\/\/mlz.frystacko.cz\/index.php?rest_route=\/wp\/v2\/types\/post"}],"author":[{"embeddable":true,"href":"https:\/\/mlz.frystacko.cz\/index.php?rest_route=\/wp\/v2\/users\/3"}],"replies":[{"embeddable":true,"href":"https:\/\/mlz.frystacko.cz\/index.php?rest_route=%2Fwp%2Fv2%2Fcomments&post=15806"}],"version-history":[{"count":8,"href":"https:\/\/mlz.frystacko.cz\/index.php?rest_route=\/wp\/v2\/posts\/15806\/revisions"}],"predecessor-version":[{"id":15856,"href":"https:\/\/mlz.frystacko.cz\/index.php?rest_route=\/wp\/v2\/posts\/15806\/revisions\/15856"}],"wp:attachment":[{"href":"https:\/\/mlz.frystacko.cz\/index.php?rest_route=%2Fwp%2Fv2%2Fmedia&parent=15806"}],"wp:term":[{"taxonomy":"category","embeddable":true,"href":"https:\/\/mlz.frystacko.cz\/index.php?rest_route=%2Fwp%2Fv2%2Fcategories&post=15806"},{"taxonomy":"post_tag","embeddable":true,"href":"https:\/\/mlz.frystacko.cz\/index.php?rest_route=%2Fwp%2Fv2%2Ftags&post=15806"}],"curies":[{"name":"wp","href":"https:\/\/api.w.org\/{rel}","templated":true}]}}