{"id":15858,"date":"2016-03-23T11:57:07","date_gmt":"2016-03-23T10:57:07","guid":{"rendered":"https:\/\/mlz.frystacko.cz\/?p=15858"},"modified":"2016-03-26T21:54:02","modified_gmt":"2016-03-26T20:54:02","slug":"pozvanka-predbezna-na-brigadu","status":"publish","type":"post","link":"https:\/\/mlz.frystacko.cz\/?p=15858","title":{"rendered":"Pozv\u00e1nka na brig\u00e1du"},"content":{"rendered":"<p><img loading=\"lazy\" decoding=\"async\" class=\"alignleft size-thumbnail wp-image-15860\" src=\"https:\/\/mlz.frystacko.cz\/wp-uploads\/2016\/03\/pozor_lopata-100x67.jpg\" alt=\"pozor_lopata\" width=\"100\" height=\"67\" srcset=\"https:\/\/mlz.frystacko.cz\/wp-uploads\/2016\/03\/pozor_lopata-100x67.jpg 100w, https:\/\/mlz.frystacko.cz\/wp-uploads\/2016\/03\/pozor_lopata-300x200.jpg 300w, https:\/\/mlz.frystacko.cz\/wp-uploads\/2016\/03\/pozor_lopata.jpg 383w\" sizes=\"auto, (max-width: 100px) 100vw, 100px\" \/>Tak. Kone\u010dn\u011b se zd\u00e1 b\u00fdt rozumn\u00e9 po\u010das\u00ed, tak\u017ee snad u\u017e dojde na \u00fapravy dr\u00e1hy. P\u0159edstava je zrealizovat to tuto (26.3) sobotu.<\/p>\n<p><!--more--><\/p>\n<p>Edit: Na noc je slibovan\u00e9 n\u011bjak\u00e9 drobn\u00e9 mrholen\u00ed, ale t\u011b\u017eko \u0159\u00edct, jestli to bude vadit. Tak\u017ee zat\u00edm se je\u0161t\u011b po\u0159\u00e1d sej\u00edt chceme&#8230; uvid\u00edme r\u00e1no.<\/p>\n<p>Jarda sl\u00edbil p\u0159iv\u00e9zt sv\u00e9 velkolep\u00e9 ruchadlo a por\u00fdpat plochu. Za\u010d\u00edt m\u016f\u017ee s\u00e1m (m\u00e1 to motor, tla\u010dit pr\u00fd net\u0159eba), ale n\u00e1sledn\u011b bude v\u00fdsledek vhodn\u00e9 vyhrabat, p\u0159\u00edpadn\u011b m\u00edrn\u011b polopatit. Kdy\u017e se zada\u0159\u00ed, bude &#8222;mo\u017en\u00e1&#8220; i v\u00e1lec.<\/p>\n<p>Kdo tedy m\u00e1 z\u00e1jem, \u010das a mo\u017enost, dojd\u011bte, pl\u00e1n je za\u010d\u00edt n\u011bkdy mezi 8-9 (nen\u00ed \u00fapln\u011b p\u0159esn\u00e9). Doporu\u010den\u00e1 v\u00fdbava jsou hrab\u011b, lopata, mo\u017en\u00e1 k\u00fdbl (se\u0159azeno dle p\u0159edpokl\u00e1dan\u00e9 u\u017eite\u010dnosti)&#8230; kdo vezme do kapsy kole\u010dka nebo 4t v\u00e1lec, bude samoz\u0159ejm\u011b taky v\u00edt\u00e1n, no nenoste je v\u0161ichni. \ud83d\ude42<\/p>\n<p>&nbsp;<\/p>\n","protected":false},"excerpt":{"rendered":"<p>Tak. Kone\u010dn\u011b se zd\u00e1 b\u00fdt rozumn\u00e9 po\u010das\u00ed, tak\u017ee snad u\u017e dojde na \u00fapravy dr\u00e1hy. P\u0159edstava je zrealizovat to tuto (26.3) sobotu.<\/p>\n","protected":false},"author":3,"featured_media":0,"comment_status":"open","ping_status":"closed","sticky":false,"template":"","format":"standard","meta":{"footnotes":""},"categories":[8],"tags":[],"class_list":["post-15858","post","type-post","status-publish","format-standard","hentry","category-udrzba"],"_links":{"self":[{"href":"https:\/\/mlz.frystacko.cz\/index.php?rest_route=\/wp\/v2\/posts\/15858","targetHints":{"allow":["GET"]}}],"collection":[{"href":"https:\/\/mlz.frystacko.cz\/index.php?rest_route=\/wp\/v2\/posts"}],"about":[{"href":"https:\/\/mlz.frystacko.cz\/index.php?rest_route=\/wp\/v2\/types\/post"}],"author":[{"embeddable":true,"href":"https:\/\/mlz.frystacko.cz\/index.php?rest_route=\/wp\/v2\/users\/3"}],"replies":[{"embeddable":true,"href":"https:\/\/mlz.frystacko.cz\/index.php?rest_route=%2Fwp%2Fv2%2Fcomments&post=15858"}],"version-history":[{"count":8,"href":"https:\/\/mlz.frystacko.cz\/index.php?rest_route=\/wp\/v2\/posts\/15858\/revisions"}],"predecessor-version":[{"id":15917,"href":"https:\/\/mlz.frystacko.cz\/index.php?rest_route=\/wp\/v2\/posts\/15858\/revisions\/15917"}],"wp:attachment":[{"href":"https:\/\/mlz.frystacko.cz\/index.php?rest_route=%2Fwp%2Fv2%2Fmedia&parent=15858"}],"wp:term":[{"taxonomy":"category","embeddable":true,"href":"https:\/\/mlz.frystacko.cz\/index.php?rest_route=%2Fwp%2Fv2%2Fcategories&post=15858"},{"taxonomy":"post_tag","embeddable":true,"href":"https:\/\/mlz.frystacko.cz\/index.php?rest_route=%2Fwp%2Fv2%2Ftags&post=15858"}],"curies":[{"name":"wp","href":"https:\/\/api.w.org\/{rel}","templated":true}]}}