{"id":15873,"date":"2016-03-25T22:38:03","date_gmt":"2016-03-25T21:38:03","guid":{"rendered":"https:\/\/mlz.frystacko.cz\/?p=15873"},"modified":"2016-03-25T22:38:03","modified_gmt":"2016-03-25T21:38:03","slug":"patek","status":"publish","type":"post","link":"https:\/\/mlz.frystacko.cz\/?p=15873","title":{"rendered":"P\u00e1tek&#8230;"},"content":{"rendered":"<p><img loading=\"lazy\" decoding=\"async\" class=\"alignleft size-thumbnail wp-image-15879\" src=\"https:\/\/mlz.frystacko.cz\/wp-uploads\/2016\/03\/zm.IMG_7635-100x67.jpg\" alt=\"zm.IMG_7635\" width=\"100\" height=\"67\" srcset=\"https:\/\/mlz.frystacko.cz\/wp-uploads\/2016\/03\/zm.IMG_7635-100x67.jpg 100w, https:\/\/mlz.frystacko.cz\/wp-uploads\/2016\/03\/zm.IMG_7635-300x200.jpg 300w, https:\/\/mlz.frystacko.cz\/wp-uploads\/2016\/03\/zm.IMG_7635-768x512.jpg 768w, https:\/\/mlz.frystacko.cz\/wp-uploads\/2016\/03\/zm.IMG_7635-1024x683.jpg 1024w, https:\/\/mlz.frystacko.cz\/wp-uploads\/2016\/03\/zm.IMG_7635.jpg 1200w\" sizes=\"auto, (max-width: 100px) 100vw, 100px\" \/>N\u011bkter\u00fdm se ten &#8222;nov\u00fd&#8220; sv\u00e1tek n\u00e1ramn\u011b hodil a za\u0161ili se na leti\u0161ti. \ud83d\ude42<\/p>\n<p><!--more--><\/p>\n<p>Bylo sp\u00ed\u0161 chladn\u011bj, moc nefoukalo (pozd\u011bj v\u016fbec)&#8230; po poledni sem tam potkal Hr\u00e1dky, po \u010dase se uk\u00e1zal Jirka a dokonce i Hladi\u0161a sme kone\u010dn\u011b m\u011bli mo\u017enost vid\u011bt s letadlem. \ud83d\ude42 (l\u00e9tat p\u0159es zimu nezapomn\u011bl a p\u0159ist\u00e1val jak slu\u0161n\u00fd \u010dlov\u011bk)<\/p>\n<p>&nbsp;<\/p>\n","protected":false},"excerpt":{"rendered":"<p>N\u011bkter\u00fdm se ten &#8222;nov\u00fd&#8220; sv\u00e1tek n\u00e1ramn\u011b hodil a za\u0161ili se na leti\u0161ti. \ud83d\ude42<\/p>\n","protected":false},"author":3,"featured_media":0,"comment_status":"open","ping_status":"closed","sticky":false,"template":"","format":"standard","meta":{"footnotes":""},"categories":[18],"tags":[],"class_list":["post-15873","post","type-post","status-publish","format-standard","hentry","category-provoz-na-letisti"],"_links":{"self":[{"href":"https:\/\/mlz.frystacko.cz\/index.php?rest_route=\/wp\/v2\/posts\/15873","targetHints":{"allow":["GET"]}}],"collection":[{"href":"https:\/\/mlz.frystacko.cz\/index.php?rest_route=\/wp\/v2\/posts"}],"about":[{"href":"https:\/\/mlz.frystacko.cz\/index.php?rest_route=\/wp\/v2\/types\/post"}],"author":[{"embeddable":true,"href":"https:\/\/mlz.frystacko.cz\/index.php?rest_route=\/wp\/v2\/users\/3"}],"replies":[{"embeddable":true,"href":"https:\/\/mlz.frystacko.cz\/index.php?rest_route=%2Fwp%2Fv2%2Fcomments&post=15873"}],"version-history":[{"count":2,"href":"https:\/\/mlz.frystacko.cz\/index.php?rest_route=\/wp\/v2\/posts\/15873\/revisions"}],"predecessor-version":[{"id":15885,"href":"https:\/\/mlz.frystacko.cz\/index.php?rest_route=\/wp\/v2\/posts\/15873\/revisions\/15885"}],"wp:attachment":[{"href":"https:\/\/mlz.frystacko.cz\/index.php?rest_route=%2Fwp%2Fv2%2Fmedia&parent=15873"}],"wp:term":[{"taxonomy":"category","embeddable":true,"href":"https:\/\/mlz.frystacko.cz\/index.php?rest_route=%2Fwp%2Fv2%2Fcategories&post=15873"},{"taxonomy":"post_tag","embeddable":true,"href":"https:\/\/mlz.frystacko.cz\/index.php?rest_route=%2Fwp%2Fv2%2Ftags&post=15873"}],"curies":[{"name":"wp","href":"https:\/\/api.w.org\/{rel}","templated":true}]}}