{"id":1643,"date":"2012-08-08T13:38:09","date_gmt":"2012-08-08T11:38:09","guid":{"rendered":"https:\/\/mlz.frystacko.cz\/?p=1643"},"modified":"2015-05-23T23:33:11","modified_gmt":"2015-05-23T21:33:11","slug":"donovaly-2012-08-02-05","status":"publish","type":"post","link":"https:\/\/mlz.frystacko.cz\/?p=1643","title":{"rendered":"Donovaly 2012.08.02-05."},"content":{"rendered":"<p><img loading=\"lazy\" decoding=\"async\" class=\"alignleft size-thumbnail wp-image-1653\" title=\"01patek_IMG_2168\" src=\"https:\/\/mlz.frystacko.cz\/wp-uploads\/2012\/08\/01patek_IMG_2168-100x66.jpg\" alt=\"\" width=\"100\" height=\"66\" \/>Ukecal mne Jirka Chv\u00e1tal, a\u0165 s nima jedu na Donovaly pol\u00e9tat na po\u0159\u00e1dn\u00e9m svahu. Nelituju, p\u0159\u00ed\u0161t\u011b zas.<\/p>\n<p><!--more--><\/p>\n<p>Nic pro akrobaty s podvozkem. Pouze slu\u0161n\u00e9 letadla. (ale jinak \u017e\u00e1dn\u00fd rasismus v tom nen\u00ed)<\/p>\n<p>Jirkovo &#8222;slo\u017eit\u00e9&#8220; ukec\u00e1v\u00e1n\u00ed prob\u011bhlo ve zkratce asi takto: Poje\u010f &#8230; Nev\u00edm &#8230;\u00a0 M\u00e1m m\u00edsto v aut\u011b. &#8230; \ud83d\ude42\u00a0 &#8230;\u00a0 zbab\u011blec &#8230; v\u011bd\u011bl jak na mne. Nakonec jsem byl sice vezen jin\u00fdm vozem, ale to byla sp\u00ed\u0161 v\u00fdhoda (s ohledem na rozlo\u017een\u00ed z\u00e1t\u011b\u017ee).<\/p>\n<p>Pro ty, co nev\u00ed&#8230; <a href=\"http:\/\/mapa.zoznam.sk\/?z=17&amp;c=48.87735,19.236040000000003\" target=\"_blank\">Donovaly<\/a> jsou v sedle mezi N\u00edzk\u00fdma Tatrama a Velkou Fatrou. Z \u00fadol\u00ed a\u017e na kopec jezd\u00ed lanovka, tak\u017ee nemus\u00edte tahat sebe ani letadla do hrba sami. P\u0159es zimu tam zavaz\u00ed ly\u017ea\u0159i :-), ale jinak je tam moc p\u011bkn\u011b. (pravda, ly\u017ea\u0159om nejsp\u00ed\u0161 v\u011b\u010d\u00edme za tu lanovku&#8230; )<img loading=\"lazy\" decoding=\"async\" class=\"alignright size-medium wp-image-1648\" title=\"01patek_IMG_2094\" src=\"https:\/\/mlz.frystacko.cz\/wp-uploads\/2012\/08\/01patek_IMG_2094-300x199.jpg\" alt=\"\" width=\"300\" height=\"199\" \/><\/p>\n<p>Vrcholky kopc\u016f u\u017e jsou nad hranic\u00ed lesa, tak\u017ee p\u0159ist\u00e1vat jde skoro v\u0161ude. Sta\u010d\u00ed si vybrat svah podle sm\u011bru v\u011btru a zahodit to tam. Touto dobou tam byly zral\u00e9 bor\u016fvky, brusinky, jahody &#8230; a bedly.<\/p>\n<p>V sout\u011b\u017ei o blba akce jsem obsadil ob\u011b prvn\u00ed m\u00edsta. Prv\u00ed \u00fasp\u011bch byl hned v p\u00e1tek r\u00e1no p\u0159ed n\u00e1stupem na lanovku&#8230; nechat doma k\u0159\u00eddla&#8230; no to je n\u00e1pad. (ve \u010dtvrtek jsme p\u0159ijeli n\u011bkte\u0159\u00ed a\u017e ve\u010der, tak\u017ee jsem to nev\u011bd\u011bl d\u0159\u00edv) No, dilema, jestli pot\u00e1hnu na kopec ob\u011b letadla se vy\u0159e\u0161ilo samo. Jen mne mrzelo, \u017ee nedostanu do vzduchu ixusa, bo Proximu bych n\u00edm zat\u011b\u017eoval nerad&#8230;. teda zat\u00edm. Ale hodn\u00ed lid\u00e9, co jeli a\u017e v sobotu mi je p\u0159ivezli, tak\u017ee i EGE a Ixus si v sobotu u\u017eili.<\/p>\n<p><img loading=\"lazy\" decoding=\"async\" class=\"alignleft size-medium wp-image-1667\" title=\"02patek_lun02\" src=\"https:\/\/mlz.frystacko.cz\/wp-uploads\/2012\/08\/02patek_lun02-300x168.jpg\" alt=\"\" width=\"300\" height=\"168\" \/>V p\u00e1tek foukal slab\u00fd jih, l\u00e9talo se hned <a href=\"http:\/\/mapa.zoznam.sk\/?z=18&amp;c=48.889788298940935,19.224796179809562\" target=\"_blank\">vedle<\/a> lanovky (sousedn\u00ed vrcholek). Pozd\u011bj odpoledne n\u00e1s vyhnaly p\u0159eh\u00e1\u0148ky, ale celkov\u011b sme si u\u017eili. V dob\u011b, kdy ostatn\u00ed balili, pom\u00e1hal jsem pod kopcem sund\u00e1vat ze stromu jeden smut\u00fd p\u0159\u00edpad (vypnuli mu po startu vetr, pazgrivci)&#8230; ale kamar\u00e1di mi v\u011bci sbalili. Osobn\u011b jsem byl p\u0159ekvapan\u00fd, \u017ee 1.5cm tlust\u00e9 v\u011btve mne unesly. Sta\u0159\u00ed model\u00e1\u0159i asi v\u00ed z \u010deho stav\u00ed sv\u00e9 stroje. \ud83d\ude42 Smrk m\u00edsto p\u0159ist\u00e1vac\u00ed dr\u00e1hy nen\u00ed sice nic moc, ale po\u0159\u00e1d lep\u0161\u00ed ne\u017e n\u011bjak\u00fd balvan. Letadlo vypadalo celkem zdrav\u011b. Dokonce sem ho mohl vyn\u00e9st \u010d\u00e1st cety na kopec&#8230; takovou ve mne vkl\u00e1dali v tu chv\u00edli d\u016fv\u011bru&#8230; \ud83d\ude00 (n\u011bco ve stylu jak Tom Sawyer nat\u00edral plot&#8230;)<\/p>\n<p>V sobotu nef\u016fkalo (skoro) v\u016fbec, a kdy\u017e, tak m\u00edrn\u011b od severu. Vegetovali sme na <a href=\"http:\/\/mapa.zoznam.sk\/?z=18&amp;c=48.89167529181309,19.21986627964019\" target=\"_blank\">druh\u00e9 stran\u011b<\/a> kopce. Trochu to nosilo a m\u00edsto bylo m\u00edrn\u011b bezpe\u010dn\u011bj\u0161\u00ed na p\u0159ist\u00e1n\u00ed&#8230; jeden nemusel nastoupat nad sebe, aby to dostal na zem vcelku.<\/p>\n<p>Slo\u017eil sem proximu a odstartoval&#8230; a a\u017e pak jsem zjistil (proto\u017ee sem m\u00edsty p\u0159est\u00e1val \u0159\u00eddit a p\u0159i pokusu narovnat ant\u00e9nu pod r\u00e1diem sem hr\u00e1bl do pr\u00e1zdna), \u017ee su cyp, co si nekontroluje v\u00fdbavu. Ti dob\u0159\u00ed lid\u00e9 mi to den p\u0159ed t\u00edm toti\u017e sbalili p\u0159\u00edli\u0161 d\u016fkladn\u011b. M\u011bli strach, \u017ee by se mohla v batohu ulomit. J\u00e1 ant\u00e9nu nesund\u00e1v\u00e1m. \ud83d\ude42\u00a0 Kupodivu sem se dostal na zem vcelku (na krat\u0161\u00ed vz\u00e1lenost to fungovalo dob\u0159e). S rezervn\u00ed ant\u00e9nou se v\u0161e chovalo norm\u00e1ln\u011b. Dobr\u00e9, t\u0159eba si to budu p\u0159\u00ed\u0161t\u011b kontrolovat. \ud83d\ude42<\/p>\n<p>No .. aspo\u0148 si bylo z koho d\u011blat srandu. \ud83d\ude42 V\u017edy\u0165 ti lidi by se tam bezemne stra\u0161n\u011b nudili. Takov\u00fd blb-nov\u00e1\u010dek na svahu je vlastn\u011b dobr\u00e1 v\u011bc. \ud83d\ude42<\/p>\n<p>V okam\u017eiku, kdy mi p\u0159ivezli k\u0159\u00eddla na EGEho, \u0161la proxima stranou. Sice pozn\u00e1mka <img loading=\"lazy\" decoding=\"async\" class=\"size-medium wp-image-1722 alignright\" title=\"02sobotb_IMG_1174\" src=\"https:\/\/mlz.frystacko.cz\/wp-uploads\/2012\/08\/02sobotb_IMG_1174-300x225.jpg\" alt=\"\" width=\"300\" height=\"225\" \/>jednoho z v\u011btron\u00e1\u0159\u016f &#8222;Ta guma n\u011bjak pad\u00e1&#8230;&#8220; vyzn\u011bla dost smutn\u011b, ale co u\u017e. EGE opravdu nem\u00e1 s fo\u0165\u00e1kem moc dobr\u00fd kluz&#8230; \u0159ekn\u011bme sp\u00ed\u0161 \u017e\u00e1dn\u00fd &#8230; propad 2m\/s v norm\u00e1ln\u00edch podm\u00ednk\u00e1ch je docela s\u00edla. Nic\u00e9n\u011b EGE fungoval, pomluvy nedbaje. Dokonce se nepropadal a\u017e tak rychle, p\u0159eci jen jeho hrozn\u00fd propad m\u00edrnilo vhodn\u00e9 proud\u011bn\u00ed&#8230;<\/p>\n<p>Ned\u011bln\u00ed rann\u00ed bou\u0159ky a n\u00e1sledn\u00e9 mlhy odradily spolehliv\u011b v\u011bt\u0161inu osazenstva a jeli dom\u016f. Kdo z\u016fstal, byl odm\u011bn\u011bn skv\u011bl\u00fdmi 9m\/sec od jihu&#8230; v tom by l\u00e9taly aj \u0161utry. (teda , jenom ty placat\u00e9 \ud83d\ude42 )\u00a0 EGE nalo\u017een\u00fd fo\u0165\u00e1kem a je\u0161t\u011b kusem \u017eelezn\u00e9 ty\u010dky l\u00e9tal bez motoru a je\u0161t\u011b nad\u0161en\u011b stoupal. Par\u00e1da.<\/p>\n<p>Strava na kopci byla ve stylu, co si kdo donese, ve\u010de\u0159e byly po m\u00edstn\u00edch &#8222;hospod\u00e1ch&#8220;, vesm\u011bs siln\u011b nedietn\u00ed. \ud83d\ude42<\/p>\n<p>Ve\u010dery se tr\u00e1vily prohl\u00ed\u017een\u00edm fotek a vide\u00ed, pop\u00edjen\u00edm, kl\u00e1bosen\u00edm&#8230;<\/p>\n<p>P\u0159\u00ed\u0161t\u011b, a\u017e V\u00e1m n\u011bkdo bude nab\u00edzet v\u00fdlet do Donoval&#8230; je\u010fte. A vemte si sebou vhodn\u00e9 letadlo. S k\u0159\u00eddlama&#8230; teda.<\/p>\n<p>V\u011bt\u0161inu foto-video materi\u00e1lu dostal Jirka (i od ostatn\u00edch), tak\u017ee toto je jen soukrom\u00fd p\u0159edskokan, o\u010dek\u00e1v\u00e1m, \u017ee a\u017e bude m\u00edt \u010das, bude na <a href=\"http:\/\/lmk-cmelak.ic.cz\/blog\/\" target=\"_blank\">Hole\u0161ovsk\u00fdch<\/a> str\u00e1nk\u00e1ch m\u00edt v\u00edc a lep\u0161\u00edch z\u00e1b\u011br\u016f&#8230; p\u0159eci jen v\u00edc zdroj\u016f dat&#8230;<\/p>\n","protected":false},"excerpt":{"rendered":"<p>Ukecal mne Jirka Chv\u00e1tal, a\u0165 s nima jedu na Donovaly pol\u00e9tat na po\u0159\u00e1dn\u00e9m svahu. Nelituju, p\u0159\u00ed\u0161t\u011b zas.<\/p>\n","protected":false},"author":3,"featured_media":0,"comment_status":"open","ping_status":"closed","sticky":false,"template":"","format":"standard","meta":{"footnotes":""},"categories":[21],"tags":[],"class_list":["post-1643","post","type-post","status-publish","format-standard","hentry","category-svah"],"_links":{"self":[{"href":"https:\/\/mlz.frystacko.cz\/index.php?rest_route=\/wp\/v2\/posts\/1643","targetHints":{"allow":["GET"]}}],"collection":[{"href":"https:\/\/mlz.frystacko.cz\/index.php?rest_route=\/wp\/v2\/posts"}],"about":[{"href":"https:\/\/mlz.frystacko.cz\/index.php?rest_route=\/wp\/v2\/types\/post"}],"author":[{"embeddable":true,"href":"https:\/\/mlz.frystacko.cz\/index.php?rest_route=\/wp\/v2\/users\/3"}],"replies":[{"embeddable":true,"href":"https:\/\/mlz.frystacko.cz\/index.php?rest_route=%2Fwp%2Fv2%2Fcomments&post=1643"}],"version-history":[{"count":14,"href":"https:\/\/mlz.frystacko.cz\/index.php?rest_route=\/wp\/v2\/posts\/1643\/revisions"}],"predecessor-version":[{"id":1769,"href":"https:\/\/mlz.frystacko.cz\/index.php?rest_route=\/wp\/v2\/posts\/1643\/revisions\/1769"}],"wp:attachment":[{"href":"https:\/\/mlz.frystacko.cz\/index.php?rest_route=%2Fwp%2Fv2%2Fmedia&parent=1643"}],"wp:term":[{"taxonomy":"category","embeddable":true,"href":"https:\/\/mlz.frystacko.cz\/index.php?rest_route=%2Fwp%2Fv2%2Fcategories&post=1643"},{"taxonomy":"post_tag","embeddable":true,"href":"https:\/\/mlz.frystacko.cz\/index.php?rest_route=%2Fwp%2Fv2%2Ftags&post=1643"}],"curies":[{"name":"wp","href":"https:\/\/api.w.org\/{rel}","templated":true}]}}