{"id":16525,"date":"2016-05-26T09:05:19","date_gmt":"2016-05-26T07:05:19","guid":{"rendered":"https:\/\/mlz.frystacko.cz\/?p=16525"},"modified":"2016-05-27T07:56:26","modified_gmt":"2016-05-27T05:56:26","slug":"vecerni-poletovani-4","status":"publish","type":"post","link":"https:\/\/mlz.frystacko.cz\/?p=16525","title":{"rendered":"Ve\u010dern\u00ed poletov\u00e1n\u00ed&#8230;"},"content":{"rendered":"<p><img loading=\"lazy\" decoding=\"async\" class=\"alignleft size-thumbnail wp-image-16545\" src=\"https:\/\/mlz.frystacko.cz\/wp-uploads\/2016\/05\/zm.IMG_2727-100x67.jpg\" alt=\"zm.IMG_2727\" width=\"100\" height=\"67\" srcset=\"https:\/\/mlz.frystacko.cz\/wp-uploads\/2016\/05\/zm.IMG_2727-100x67.jpg 100w, https:\/\/mlz.frystacko.cz\/wp-uploads\/2016\/05\/zm.IMG_2727-300x200.jpg 300w, https:\/\/mlz.frystacko.cz\/wp-uploads\/2016\/05\/zm.IMG_2727-768x512.jpg 768w, https:\/\/mlz.frystacko.cz\/wp-uploads\/2016\/05\/zm.IMG_2727-1024x683.jpg 1024w, https:\/\/mlz.frystacko.cz\/wp-uploads\/2016\/05\/zm.IMG_2727.jpg 1200w\" sizes=\"auto, (max-width: 100px) 100vw, 100px\" \/>P\u00e1r fotek z ve\u010dern\u00edho poletov\u00e1n\u00ed&#8230; o z\u00e1bavu bylo postar\u00e1no&#8230; Honza zkou\u0161el vozejk. \ud83d\ude42<br \/>\nEdit 26.5: Radim zal\u00e9tl Filipa&#8230;<\/p>\n<p><!--more-->Nep\u0159i\u0161el jsem nejd\u00edv, tak\u017ee nev\u00edm, kdo tam v\u0161echno byl. Chv\u00edlu tam n\u011bkte\u0159\u00ed remcali na bo\u010dn\u00ed v\u011btr&#8230; neposoud\u00edm, proxim\u011b to nevadilo. Honza l\u00e9tal celou dobu s minimagem, Jirka st\u0159\u00eddal houbu s Hawkem a celou dobu ryl do Honzy, na\u010d m\u00e1 v aut\u011b to v\u011bt\u0161\u00ed letadlo. \ud83d\ude42 Kdy\u017e v\u011bt\u0159 zdechl \u00fapln\u011b, nem\u011bl se u\u017e na co vymlouvat, tak \u017ee to teda slo\u017e\u00ed.<\/p>\n<p>Aby sme mu dodali odvahy, provedl sem cvi\u010dn\u00fd\u00a0 stat proximy z vozejka&#8230;. bez pot\u00ed\u017e\u00ed. Nakonec sme ukecali aj Honzu. Start m\u00edrn\u011b p\u0159eta\u017een\u00fd, ale motor s 4\u010dl\u00e1nkem d\u011blal co mohl, tak\u017ee se to obe\u0161lo bez nerv\u00e1ku a spokojen\u011b se poletovalo d\u00e1l. No na argument aby p\u0159ist\u00e1l a zkusil to zrovna znovu a nep\u0159etahovat to, n\u00e1m bylo ozn\u00e1meno, \u017ee je r\u00e1d, \u017ee je to ve vzduchu, tak\u017ee druh\u00fd start u\u017e se nekonal. P\u0159i odchodu sem je\u0161t\u011b Hrube\u0161ovi kladl na srdce, aby asi 10 minut p\u0159ed p\u0159ist\u00e1n\u00edm Honzu uklid\u0148oval, aby n\u00e1hodou neud\u011blal n\u011bjakou hovadinu&#8230; pozd\u011b. Ne\u017e sem do\u0159ekl, zapadl p\u0159eta\u017een\u00fd ventus do obil\u00ed. \ud83d\ude00 Nicm\u00e9n\u011b, na to jak\u00fdm man\u00e9vrem tam zmizel, dopadlo to skv\u011ble, jen ku\u017eel lehce od bahna. \ud83d\ude42 Ventus je, pravda, trochu tup\u011bj\u0161\u00ed na k\u0159id\u00e9lka, zejm\u00e9na kdy\u017e nem\u00e1 rychlost&#8230; v\u016fbec. \ud83d\ude42<\/p>\n<hr \/>\n<p><img loading=\"lazy\" decoding=\"async\" class=\"alignright size-medium wp-image-16563\" src=\"https:\/\/mlz.frystacko.cz\/wp-uploads\/2016\/05\/zm.IMG_2778-300x200.jpg\" alt=\"zm.IMG_2778\" width=\"300\" height=\"200\" srcset=\"https:\/\/mlz.frystacko.cz\/wp-uploads\/2016\/05\/zm.IMG_2778-300x200.jpg 300w, https:\/\/mlz.frystacko.cz\/wp-uploads\/2016\/05\/zm.IMG_2778-100x67.jpg 100w, https:\/\/mlz.frystacko.cz\/wp-uploads\/2016\/05\/zm.IMG_2778-768x512.jpg 768w, https:\/\/mlz.frystacko.cz\/wp-uploads\/2016\/05\/zm.IMG_2778-1024x683.jpg 1024w, https:\/\/mlz.frystacko.cz\/wp-uploads\/2016\/05\/zm.IMG_2778.jpg 1200w\" sizes=\"auto, (max-width: 300px) 100vw, 300px\" \/>Edit 26.5: Dnes se na leti\u0161ti krom Honzy uk\u00e1zal je\u0161t\u011b Radim s Filipem. Po\u0159\u00eddil mu hezk\u00e9 nov\u00e9 k\u0159\u00eddlo. S k\u0159id\u00e9lky a brzdou. Do\u010dasn\u011b tam nechal p\u016fvodn\u00ed stejnosm\u011brnou plechovku, tak\u017ee v\u00fdkonu to na vrtuli kdov\u00edkolik nem\u011blo, ale do vzduchu se s t\u00edm dostal. Po drobn\u00e9m dotrimov\u00e1n\u00ed to l\u00e9talo p\u011bkn\u011b. Tak a\u0165 d\u011bl\u00e1 radost.<\/p>\n<hr \/>\n<p>&nbsp;<\/p>\n","protected":false},"excerpt":{"rendered":"<p>P\u00e1r fotek z ve\u010dern\u00edho poletov\u00e1n\u00ed&#8230; o z\u00e1bavu bylo postar\u00e1no&#8230; Honza zkou\u0161el vozejk. \ud83d\ude42 Edit 26.5: Radim zal\u00e9tl Filipa&#8230;<\/p>\n","protected":false},"author":3,"featured_media":0,"comment_status":"open","ping_status":"closed","sticky":false,"template":"","format":"standard","meta":{"footnotes":""},"categories":[18],"tags":[],"class_list":["post-16525","post","type-post","status-publish","format-standard","hentry","category-provoz-na-letisti"],"_links":{"self":[{"href":"https:\/\/mlz.frystacko.cz\/index.php?rest_route=\/wp\/v2\/posts\/16525","targetHints":{"allow":["GET"]}}],"collection":[{"href":"https:\/\/mlz.frystacko.cz\/index.php?rest_route=\/wp\/v2\/posts"}],"about":[{"href":"https:\/\/mlz.frystacko.cz\/index.php?rest_route=\/wp\/v2\/types\/post"}],"author":[{"embeddable":true,"href":"https:\/\/mlz.frystacko.cz\/index.php?rest_route=\/wp\/v2\/users\/3"}],"replies":[{"embeddable":true,"href":"https:\/\/mlz.frystacko.cz\/index.php?rest_route=%2Fwp%2Fv2%2Fcomments&post=16525"}],"version-history":[{"count":6,"href":"https:\/\/mlz.frystacko.cz\/index.php?rest_route=\/wp\/v2\/posts\/16525\/revisions"}],"predecessor-version":[{"id":16567,"href":"https:\/\/mlz.frystacko.cz\/index.php?rest_route=\/wp\/v2\/posts\/16525\/revisions\/16567"}],"wp:attachment":[{"href":"https:\/\/mlz.frystacko.cz\/index.php?rest_route=%2Fwp%2Fv2%2Fmedia&parent=16525"}],"wp:term":[{"taxonomy":"category","embeddable":true,"href":"https:\/\/mlz.frystacko.cz\/index.php?rest_route=%2Fwp%2Fv2%2Fcategories&post=16525"},{"taxonomy":"post_tag","embeddable":true,"href":"https:\/\/mlz.frystacko.cz\/index.php?rest_route=%2Fwp%2Fv2%2Ftags&post=16525"}],"curies":[{"name":"wp","href":"https:\/\/api.w.org\/{rel}","templated":true}]}}