{"id":16623,"date":"2016-05-31T23:40:35","date_gmt":"2016-05-31T21:40:35","guid":{"rendered":"https:\/\/mlz.frystacko.cz\/?p=16623"},"modified":"2016-06-01T08:09:21","modified_gmt":"2016-06-01T06:09:21","slug":"uterni-odpoledne","status":"publish","type":"post","link":"https:\/\/mlz.frystacko.cz\/?p=16623","title":{"rendered":"\u00datern\u00ed odpoledne&#8230;"},"content":{"rendered":"<p><img loading=\"lazy\" decoding=\"async\" class=\"alignleft size-thumbnail wp-image-16634\" src=\"https:\/\/mlz.frystacko.cz\/wp-uploads\/2016\/05\/zm.IMG_2783-100x75.jpg\" alt=\"zm.IMG_2783\" width=\"100\" height=\"75\" srcset=\"https:\/\/mlz.frystacko.cz\/wp-uploads\/2016\/05\/zm.IMG_2783-100x75.jpg 100w, https:\/\/mlz.frystacko.cz\/wp-uploads\/2016\/05\/zm.IMG_2783-267x200.jpg 267w, https:\/\/mlz.frystacko.cz\/wp-uploads\/2016\/05\/zm.IMG_2783-768x576.jpg 768w, https:\/\/mlz.frystacko.cz\/wp-uploads\/2016\/05\/zm.IMG_2783-1024x768.jpg 1024w, https:\/\/mlz.frystacko.cz\/wp-uploads\/2016\/05\/zm.IMG_2783.jpg 1200w\" sizes=\"auto, (max-width: 100px) 100vw, 100px\" \/>P\u00e1r lid\u00ed si nev\u0161\u00edmalo okololoz\u00edc\u00edch bou\u0159ek a \u0161lo na leti\u0161t\u011b. Radim m\u00edsto letadla vzal seka\u010dku a shodil pl\u00e1cek za stoj\u00e1nkou.<\/p>\n<p><!--more-->Kolem leti\u0161t\u011b rostla tr\u00e1va pon\u011bkud navysoko, tak se j\u00ed Radim pokusil (\u00fasp\u011b\u0161n\u011b) domluvit. P\u0159eci jen nechat tam r\u016fst kop\u0159ivy asi nepot\u0159ebujeme, tak\u017ee d\u00edky mu za to.<\/p>\n<p>Jinak Jirka si u\u017e s cessnou rozum\u00ed, ikdy\u017e hodn\u011b sebekriticky zve\u0159ej\u0148oval, pro\u010d se s motorem doposud nemohl domluvit (p\u0159edstih).<\/p>\n<p>Kr\u00e1tce n\u00e1s vyhnala i p\u0159eh\u00e1\u0148ka, ale za chv\u00edli bylo po de\u0161ti a i bezv\u011bt\u0159\u00ed, tak\u017ee se poletovalo docela hezky.<\/p>\n<hr \/>\n<p>P\u0159idal jsem p\u00e1r fotek , ne\u017e p\u0159ijel Martin<\/p>\n","protected":false},"excerpt":{"rendered":"<p>P\u00e1r lid\u00ed si nev\u0161\u00edmalo okololoz\u00edc\u00edch bou\u0159ek a \u0161lo na leti\u0161t\u011b. Radim m\u00edsto letadla vzal seka\u010dku a shodil pl\u00e1cek za stoj\u00e1nkou.<\/p>\n","protected":false},"author":3,"featured_media":0,"comment_status":"open","ping_status":"closed","sticky":false,"template":"","format":"standard","meta":{"footnotes":""},"categories":[18],"tags":[],"class_list":["post-16623","post","type-post","status-publish","format-standard","hentry","category-provoz-na-letisti"],"_links":{"self":[{"href":"https:\/\/mlz.frystacko.cz\/index.php?rest_route=\/wp\/v2\/posts\/16623","targetHints":{"allow":["GET"]}}],"collection":[{"href":"https:\/\/mlz.frystacko.cz\/index.php?rest_route=\/wp\/v2\/posts"}],"about":[{"href":"https:\/\/mlz.frystacko.cz\/index.php?rest_route=\/wp\/v2\/types\/post"}],"author":[{"embeddable":true,"href":"https:\/\/mlz.frystacko.cz\/index.php?rest_route=\/wp\/v2\/users\/3"}],"replies":[{"embeddable":true,"href":"https:\/\/mlz.frystacko.cz\/index.php?rest_route=%2Fwp%2Fv2%2Fcomments&post=16623"}],"version-history":[{"count":3,"href":"https:\/\/mlz.frystacko.cz\/index.php?rest_route=\/wp\/v2\/posts\/16623\/revisions"}],"predecessor-version":[{"id":16652,"href":"https:\/\/mlz.frystacko.cz\/index.php?rest_route=\/wp\/v2\/posts\/16623\/revisions\/16652"}],"wp:attachment":[{"href":"https:\/\/mlz.frystacko.cz\/index.php?rest_route=%2Fwp%2Fv2%2Fmedia&parent=16623"}],"wp:term":[{"taxonomy":"category","embeddable":true,"href":"https:\/\/mlz.frystacko.cz\/index.php?rest_route=%2Fwp%2Fv2%2Fcategories&post=16623"},{"taxonomy":"post_tag","embeddable":true,"href":"https:\/\/mlz.frystacko.cz\/index.php?rest_route=%2Fwp%2Fv2%2Ftags&post=16623"}],"curies":[{"name":"wp","href":"https:\/\/api.w.org\/{rel}","templated":true}]}}