{"id":16682,"date":"2016-06-09T09:17:56","date_gmt":"2016-06-09T07:17:56","guid":{"rendered":"https:\/\/mlz.frystacko.cz\/?p=16682"},"modified":"2016-06-09T09:42:33","modified_gmt":"2016-06-09T07:42:33","slug":"kousek-stredy","status":"publish","type":"post","link":"https:\/\/mlz.frystacko.cz\/?p=16682","title":{"rendered":"Kousek st\u0159edy&#8230;"},"content":{"rendered":"<p><img loading=\"lazy\" decoding=\"async\" class=\"alignleft size-thumbnail wp-image-16688\" src=\"https:\/\/mlz.frystacko.cz\/wp-uploads\/2016\/06\/zm.IMG_3820-100x67.jpg\" alt=\"zm.IMG_3820\" width=\"100\" height=\"67\" srcset=\"https:\/\/mlz.frystacko.cz\/wp-uploads\/2016\/06\/zm.IMG_3820-100x67.jpg 100w, https:\/\/mlz.frystacko.cz\/wp-uploads\/2016\/06\/zm.IMG_3820-300x200.jpg 300w, https:\/\/mlz.frystacko.cz\/wp-uploads\/2016\/06\/zm.IMG_3820-768x512.jpg 768w, https:\/\/mlz.frystacko.cz\/wp-uploads\/2016\/06\/zm.IMG_3820-1024x683.jpg 1024w, https:\/\/mlz.frystacko.cz\/wp-uploads\/2016\/06\/zm.IMG_3820.jpg 1200w\" sizes=\"auto, (max-width: 100px) 100vw, 100px\" \/>Nahl\u00eddl sem ve st\u0159edu na leti\u0161t\u011b, jestli tam &#8222;n\u00e1hodou&#8220; n\u011bkdo nebude&#8230; \ud83d\ude42<\/p>\n<p><!--more-->Byli tam. Radek akrobatil, Jirka pokra\u010doval ve s\u017e\u00edv\u00e1n\u00ed se s cessnou. Uk\u00e1zal se i Lubo\u0161, nau\u010den\u00fd od v\u010del, \u017ee kdy\u017e se trochu zad\u00fdm\u00e1, roj se uklidn\u00ed&#8230; \ud83d\ude42<\/p>\n<p>Se\u0161ly se i dv\u011b gamy, jednu Lubo\u0161ovi na chv\u00edlu p\u016fj\u010dili do ruk, tak\u017ee se zase trochu namlsal&#8230; \ud83d\ude42 Ruda si svoji hl\u00eddal dob\u0159e, Honza u\u017e si to pamatuje, tak\u017ee ka\u017ed\u00fd si l\u00e9tal (a p\u0159ist\u00e1val) jen se svoj\u00ed&#8230; <img src=\"https:\/\/mlz.frystacko.cz\/wp-includes\/images\/smilies\/mrgreen.png\" alt=\":mrgreen:\" class=\"wp-smiley\" style=\"height: 1em; max-height: 1em;\" \/><\/p>\n<p>Prost\u011b hezk\u00fd ve\u010der. \ud83d\ude42<\/p>\n<hr \/>\n<p>&nbsp;<\/p>\n","protected":false},"excerpt":{"rendered":"<p>Nahl\u00eddl sem ve st\u0159edu na leti\u0161t\u011b, jestli tam &#8222;n\u00e1hodou&#8220; n\u011bkdo nebude&#8230; \ud83d\ude42<\/p>\n","protected":false},"author":3,"featured_media":0,"comment_status":"open","ping_status":"closed","sticky":false,"template":"","format":"standard","meta":{"footnotes":""},"categories":[18],"tags":[],"class_list":["post-16682","post","type-post","status-publish","format-standard","hentry","category-provoz-na-letisti"],"_links":{"self":[{"href":"https:\/\/mlz.frystacko.cz\/index.php?rest_route=\/wp\/v2\/posts\/16682","targetHints":{"allow":["GET"]}}],"collection":[{"href":"https:\/\/mlz.frystacko.cz\/index.php?rest_route=\/wp\/v2\/posts"}],"about":[{"href":"https:\/\/mlz.frystacko.cz\/index.php?rest_route=\/wp\/v2\/types\/post"}],"author":[{"embeddable":true,"href":"https:\/\/mlz.frystacko.cz\/index.php?rest_route=\/wp\/v2\/users\/3"}],"replies":[{"embeddable":true,"href":"https:\/\/mlz.frystacko.cz\/index.php?rest_route=%2Fwp%2Fv2%2Fcomments&post=16682"}],"version-history":[{"count":4,"href":"https:\/\/mlz.frystacko.cz\/index.php?rest_route=\/wp\/v2\/posts\/16682\/revisions"}],"predecessor-version":[{"id":16709,"href":"https:\/\/mlz.frystacko.cz\/index.php?rest_route=\/wp\/v2\/posts\/16682\/revisions\/16709"}],"wp:attachment":[{"href":"https:\/\/mlz.frystacko.cz\/index.php?rest_route=%2Fwp%2Fv2%2Fmedia&parent=16682"}],"wp:term":[{"taxonomy":"category","embeddable":true,"href":"https:\/\/mlz.frystacko.cz\/index.php?rest_route=%2Fwp%2Fv2%2Fcategories&post=16682"},{"taxonomy":"post_tag","embeddable":true,"href":"https:\/\/mlz.frystacko.cz\/index.php?rest_route=%2Fwp%2Fv2%2Ftags&post=16682"}],"curies":[{"name":"wp","href":"https:\/\/api.w.org\/{rel}","templated":true}]}}