{"id":18081,"date":"2016-09-19T10:32:53","date_gmt":"2016-09-19T08:32:53","guid":{"rendered":"https:\/\/mlz.frystacko.cz\/?p=18081"},"modified":"2016-09-19T10:35:25","modified_gmt":"2016-09-19T08:35:25","slug":"nedelni-klid-2","status":"publish","type":"post","link":"https:\/\/mlz.frystacko.cz\/?p=18081","title":{"rendered":"Ned\u011bln\u00ed klid&#8230;"},"content":{"rendered":"<p><img loading=\"lazy\" decoding=\"async\" class=\"alignleft size-thumbnail wp-image-18096\" src=\"https:\/\/mlz.frystacko.cz\/wp-uploads\/2016\/09\/zm.IMG_7001-100x67.jpg\" alt=\"zm-img_7001\" width=\"100\" height=\"67\" srcset=\"https:\/\/mlz.frystacko.cz\/wp-uploads\/2016\/09\/zm.IMG_7001-100x67.jpg 100w, https:\/\/mlz.frystacko.cz\/wp-uploads\/2016\/09\/zm.IMG_7001-300x200.jpg 300w, https:\/\/mlz.frystacko.cz\/wp-uploads\/2016\/09\/zm.IMG_7001-768x512.jpg 768w, https:\/\/mlz.frystacko.cz\/wp-uploads\/2016\/09\/zm.IMG_7001-1024x683.jpg 1024w, https:\/\/mlz.frystacko.cz\/wp-uploads\/2016\/09\/zm.IMG_7001.jpg 1200w\" sizes=\"auto, (max-width: 100px) 100vw, 100px\" \/>Po pon\u011bkud mok\u0159ej\u0161\u00ed sobot\u011b byla ned\u011bl\u011b mnohem vyda\u0159en\u011bj\u0161\u00ed. Ikdy\u017e pod mrakem.\u00a0 \ud83d\ude42<\/p>\n<p><!--more-->Po\u010das vylo\u017een\u011b po\u0148oukal j\u00edt prohnat v\u011btron\u011b&#8230; alespo\u0148 odpoledne to tak vypadalo podle osazenstva. Filip, Proxima, Sirius, E-Hawk, Gama, EGE &#8230; Jirka podcenil p\u0159\u00edpravu, tak\u017ee to, \u017ee se mu v Minimgaovi nebav\u00ed regl s motorem zjistil a\u017e na leti\u0161ti a Honza svojeho sice vylo\u017eil, ale s l\u00e9t\u00e1n\u00edm to s n\u00edm nep\u0159eh\u00e1n\u011bl.<\/p>\n<p>Pozd\u011bj se ji\u017en\u00ed (slab\u00fd) v\u00e1nek\u00a0 postupn\u011b zm\u011bnil na severov\u00fdchodn\u00ed (slab\u00fd), taky se s t\u00edm zadeklovala obloha mrakama a u\u017e to tak nenosilo, ale po\u0159\u00e1d prima.<\/p>\n<p>Odj\u00ed\u017ed\u011bl sem trochu d\u0159\u00edv, ale b\u011bhem cel\u00e9 m\u00e9 p\u0159\u00edtomnosti se Hladi\u0161 choval slu\u0161n\u011b a p\u0159ist\u00e1val i s baterkou. Ale r\u00fdpali sme do n\u011bho zase \u0161kared\u011b. \ud83d\ude1b T\u0159eba u\u017e si bude pamatovat, \u017ee to nen\u00ed dobr\u00fd n\u00e1pad. \ud83d\ude42<\/p>\n<p>V pond\u011bl\u00ed se mi zase ozvali Ba\u0159inkovi, \u017ee byli v ned\u011blu na leti\u0161ti a nikdo tam&#8230; no jo, jen\u017ee v poledne&#8230; to sed\u00ed.<\/p>\n","protected":false},"excerpt":{"rendered":"<p>Po pon\u011bkud mok\u0159ej\u0161\u00ed sobot\u011b byla ned\u011bl\u011b mnohem vyda\u0159en\u011bj\u0161\u00ed. Ikdy\u017e pod mrakem.\u00a0 \ud83d\ude42<\/p>\n","protected":false},"author":3,"featured_media":0,"comment_status":"open","ping_status":"closed","sticky":false,"template":"","format":"standard","meta":{"footnotes":""},"categories":[18],"tags":[],"class_list":["post-18081","post","type-post","status-publish","format-standard","hentry","category-provoz-na-letisti"],"_links":{"self":[{"href":"https:\/\/mlz.frystacko.cz\/index.php?rest_route=\/wp\/v2\/posts\/18081","targetHints":{"allow":["GET"]}}],"collection":[{"href":"https:\/\/mlz.frystacko.cz\/index.php?rest_route=\/wp\/v2\/posts"}],"about":[{"href":"https:\/\/mlz.frystacko.cz\/index.php?rest_route=\/wp\/v2\/types\/post"}],"author":[{"embeddable":true,"href":"https:\/\/mlz.frystacko.cz\/index.php?rest_route=\/wp\/v2\/users\/3"}],"replies":[{"embeddable":true,"href":"https:\/\/mlz.frystacko.cz\/index.php?rest_route=%2Fwp%2Fv2%2Fcomments&post=18081"}],"version-history":[{"count":2,"href":"https:\/\/mlz.frystacko.cz\/index.php?rest_route=\/wp\/v2\/posts\/18081\/revisions"}],"predecessor-version":[{"id":18132,"href":"https:\/\/mlz.frystacko.cz\/index.php?rest_route=\/wp\/v2\/posts\/18081\/revisions\/18132"}],"wp:attachment":[{"href":"https:\/\/mlz.frystacko.cz\/index.php?rest_route=%2Fwp%2Fv2%2Fmedia&parent=18081"}],"wp:term":[{"taxonomy":"category","embeddable":true,"href":"https:\/\/mlz.frystacko.cz\/index.php?rest_route=%2Fwp%2Fv2%2Fcategories&post=18081"},{"taxonomy":"post_tag","embeddable":true,"href":"https:\/\/mlz.frystacko.cz\/index.php?rest_route=%2Fwp%2Fv2%2Ftags&post=18081"}],"curies":[{"name":"wp","href":"https:\/\/api.w.org\/{rel}","templated":true}]}}