{"id":18136,"date":"2016-09-22T23:37:17","date_gmt":"2016-09-22T21:37:17","guid":{"rendered":"https:\/\/mlz.frystacko.cz\/?p=18136"},"modified":"2017-06-28T22:15:23","modified_gmt":"2017-06-28T20:15:23","slug":"pod-kridly-tri-studne","status":"publish","type":"post","link":"https:\/\/mlz.frystacko.cz\/?p=18136","title":{"rendered":"Pod k\u0159\u00eddly \u201eT\u0159i Studn\u011b\u201c"},"content":{"rendered":"<p><img loading=\"lazy\" decoding=\"async\" class=\"alignleft size-thumbnail wp-image-18142\" src=\"https:\/\/mlz.frystacko.cz\/wp-uploads\/2016\/09\/IMG_20160922_140158_res-100x75.jpg\" alt=\"img_20160922_140158_res\" width=\"100\" height=\"75\" srcset=\"https:\/\/mlz.frystacko.cz\/wp-uploads\/2016\/09\/IMG_20160922_140158_res-100x75.jpg 100w, https:\/\/mlz.frystacko.cz\/wp-uploads\/2016\/09\/IMG_20160922_140158_res-267x200.jpg 267w, https:\/\/mlz.frystacko.cz\/wp-uploads\/2016\/09\/IMG_20160922_140158_res-768x576.jpg 768w, https:\/\/mlz.frystacko.cz\/wp-uploads\/2016\/09\/IMG_20160922_140158_res-1024x768.jpg 1024w, https:\/\/mlz.frystacko.cz\/wp-uploads\/2016\/09\/IMG_20160922_140158_res.jpg 1664w\" sizes=\"auto, (max-width: 100px) 100vw, 100px\" \/>P\u00e1r p\u0159\u00edsp\u011bvk\u016f nazvan\u00fdch &#8222;Pod k\u0159\u00eddly &#8230;..&#8220; jsem u\u017e tady\u00a0v minulosti\u00a0zve\u0159ejnil.\u00a0Dnes pokra\u010duji dal\u0161\u00edm.<\/p>\n<p><!--more-->D\u00edky v\u00fdhod\u011b el.v\u011btron\u011b, \u017ee m\u016f\u017eu startovat skoro odkudkoliv a na p\u0159ist\u00e1n\u00ed sta\u010d\u00ed kousek louky jsem si tentokr\u00e1t vybral pro vyhl\u00eddkov\u00fd let malebn\u00fd kousek zem\u011b na Vyso\u010din\u011b. Obec se jmenuje <a href=\"http:\/\/www.tristudne.eu\/\">T\u0159i Studn\u011b<\/a> a le\u017e\u00ed p\u00e1r kilometr\u016f <a href=\"https:\/\/mapy.cz\/zakladni?x=16.0348018&amp;y=49.6182009&amp;z=14\">severn\u011b<\/a> od Nov\u00e9ho M\u011bsta na Morav\u011b.<\/p>\n<p>Dne\u0161n\u00ed fotky-nefotky (sp\u00ed\u0161e shluk barevn\u00fdch skvrn) vznikl tak trochu\/hodn\u011b z nouze. Fo\u0165\u00e1k CANON IXUS 145, kter\u00fdm jsem po\u0159\u00eddil z\u00e1znam, toti\u017e nen\u00ed mo\u017en\u00e9 upgradovat \u00fa\u017easn\u00fdm CHDK a tak jsem z\u00e1znam po\u0159\u00eddil jako video. Obr\u00e1zky tedy vznikly pouh\u00fdm &#8222;prt sc&#8220;.<\/p>\n<p>Se Siriem l\u00e9t\u00e1m kr\u00e1tce, ale nebylo zbyt\u00ed. Prost\u011b jsem to musel risknout i s p\u0159id\u011blan\u00fdm fo\u0165\u00e1kem. A vy\u0161lo to \ud83d\ude42 Dal jsem dva kr\u00e1tk\u00e9 lety. Prvn\u00edm letem jsem si osahal m\u00edstn\u00ed Hor\u00e1ck\u00fd vzduch a u\u017eil termiku (bylo kolem 13.00hod) a druh\u00fd let u\u017e byl &#8222;na ostro&#8220;.<\/p>\n<p>Cel\u00fd z\u00e1znam letu <a href=\"https:\/\/www.youtube.com\/watch?v=RN9FIlreH4s\">ZDE<\/a><\/p>\n<p>&#8230;. ale , nebo bez ale. Jeliko\u017e n\u00e1s l\u00e9t\u00e1n\u00ed a v\u0161echny ty v\u011bci na okolo bav\u00ed, tak kvalitu obr\u00e1zk\u016f jist\u011b omluv\u00edte, \u017ee jo?<\/p>\n","protected":false},"excerpt":{"rendered":"<p>P\u00e1r p\u0159\u00edsp\u011bvk\u016f nazvan\u00fdch &#8222;Pod k\u0159\u00eddly &#8230;..&#8220; jsem u\u017e tady\u00a0v minulosti\u00a0zve\u0159ejnil.\u00a0Dnes pokra\u010duji dal\u0161\u00edm.<\/p>\n","protected":false},"author":13,"featured_media":0,"comment_status":"open","ping_status":"closed","sticky":false,"template":"","format":"standard","meta":{"footnotes":""},"categories":[7],"tags":[],"class_list":["post-18136","post","type-post","status-publish","format-standard","hentry","category-mimo"],"_links":{"self":[{"href":"https:\/\/mlz.frystacko.cz\/index.php?rest_route=\/wp\/v2\/posts\/18136","targetHints":{"allow":["GET"]}}],"collection":[{"href":"https:\/\/mlz.frystacko.cz\/index.php?rest_route=\/wp\/v2\/posts"}],"about":[{"href":"https:\/\/mlz.frystacko.cz\/index.php?rest_route=\/wp\/v2\/types\/post"}],"author":[{"embeddable":true,"href":"https:\/\/mlz.frystacko.cz\/index.php?rest_route=\/wp\/v2\/users\/13"}],"replies":[{"embeddable":true,"href":"https:\/\/mlz.frystacko.cz\/index.php?rest_route=%2Fwp%2Fv2%2Fcomments&post=18136"}],"version-history":[{"count":14,"href":"https:\/\/mlz.frystacko.cz\/index.php?rest_route=\/wp\/v2\/posts\/18136\/revisions"}],"predecessor-version":[{"id":20888,"href":"https:\/\/mlz.frystacko.cz\/index.php?rest_route=\/wp\/v2\/posts\/18136\/revisions\/20888"}],"wp:attachment":[{"href":"https:\/\/mlz.frystacko.cz\/index.php?rest_route=%2Fwp%2Fv2%2Fmedia&parent=18136"}],"wp:term":[{"taxonomy":"category","embeddable":true,"href":"https:\/\/mlz.frystacko.cz\/index.php?rest_route=%2Fwp%2Fv2%2Fcategories&post=18136"},{"taxonomy":"post_tag","embeddable":true,"href":"https:\/\/mlz.frystacko.cz\/index.php?rest_route=%2Fwp%2Fv2%2Ftags&post=18136"}],"curies":[{"name":"wp","href":"https:\/\/api.w.org\/{rel}","templated":true}]}}