{"id":18876,"date":"2016-12-09T15:07:22","date_gmt":"2016-12-09T14:07:22","guid":{"rendered":"https:\/\/mlz.frystacko.cz\/?p=18876"},"modified":"2016-12-09T15:07:22","modified_gmt":"2016-12-09T14:07:22","slug":"trojak-na-chvilku","status":"publish","type":"post","link":"https:\/\/mlz.frystacko.cz\/?p=18876","title":{"rendered":"Troj\u00e1k&#8230; na chvilku&#8230;."},"content":{"rendered":"<p><img loading=\"lazy\" decoding=\"async\" class=\"alignleft size-thumbnail wp-image-18896\" src=\"https:\/\/mlz.frystacko.cz\/wp-uploads\/2016\/12\/zm.IMG_3362-100x75.jpg\" alt=\"\" width=\"100\" height=\"75\" srcset=\"https:\/\/mlz.frystacko.cz\/wp-uploads\/2016\/12\/zm.IMG_3362-100x75.jpg 100w, https:\/\/mlz.frystacko.cz\/wp-uploads\/2016\/12\/zm.IMG_3362-267x200.jpg 267w, https:\/\/mlz.frystacko.cz\/wp-uploads\/2016\/12\/zm.IMG_3362-768x576.jpg 768w, https:\/\/mlz.frystacko.cz\/wp-uploads\/2016\/12\/zm.IMG_3362-1024x768.jpg 1024w, https:\/\/mlz.frystacko.cz\/wp-uploads\/2016\/12\/zm.IMG_3362.jpg 1200w\" sizes=\"auto, (max-width: 100px) 100vw, 100px\" \/>Ve st\u0159edu sem si vzal p\u016flden dovolen\u00e9, abych vyjel na Troj\u00e1k za \u00fa\u010delem focen\u00ed&#8230;<\/p>\n<p><!--more-->Na chmi kamera ukazovala moc p\u011bkn\u00e9 v\u011bci a l\u00e1kalo mne to. A nav\u00edc za\u010d\u00edn\u00e1m m\u00edt abs\u0165\u00e1k&#8230;. zase. M\u011bl sem ned\u00e1vno <a href=\"https:\/\/mlz.frystacko.cz\/?p=6542\" target=\"_blank\">v\u00fdro\u010d\u00ed<\/a> a tak sem to zkusil&#8230;. \ud83d\ude42\u00a0 M\u00e1lo foukat, sv\u00edtit slunko&#8230; na focen\u00ed prima.<\/p>\n<p>Se\u0161lo se ale p\u00e1r v\u011bc\u00ed, kter\u00e9 to tro\u0161ku pokazily. Kup\u0159\u00edkladu a\u017e doma sem zjistil \u017ee fo\u0165\u00e1k i ob\u011b kamery m\u00e1m v bat\u016f\u017eku od notebooku&#8230;. v pr\u00e1ci. Juch. Zabavil sem fo\u0165\u00e1k tat\u00edkovi. Kupovan\u00fd byl kdysi d\u00e1vno, ale CHDK na n\u011bj nahr\u00e1t &#8222;u\u017e&#8220; jde. (ov\u0161em je pon\u011bkud star\u0161\u00ed, hor\u0161\u00ed rozli\u0161en\u00ed, v\u011bt\u0161\u00ed a taky t\u011b\u017e\u0161\u00ed&#8230; dob\u0159e mi tak&#8230; a nebo su u\u017e roze\u017eran\u00fd ). Zprovozn\u011bn\u00ed CHDK ov\u0161em zabralo n\u011bjak\u00fd \u010das. Uva\u0159it \u010daj a hur\u00e1. Cesta za Dr\u017ekovou byla \u0159\u00e1dn\u011b uje\u017ed\u011bn\u00e1, tak\u017ee sem &#8222;nemusel&#8220; sp\u011bchat. Nav\u00edc p\u0159edemnou jel n\u011bjak\u00fd \u017eivo\u010dich s vozejkem, kter\u00fd, vymetal kdeco. Hlavn\u00ed tah z Byst\u0159ice na Vset\u00edn u\u017e byl dobr\u00fd. Zato z Troj\u00e1ku na Maru\u0161ku bylo zasn\u011b\u017eeno skv\u011ble, tak\u017ee sem p\u0159estal m\u00edt chu\u0165 pokra\u010dovat na Bludn\u00fd. \ud83d\ude00 (kdy\u017e sem se vracel, sund\u00e1val tam n\u011bjak\u00fd p\u00e1n \u0159et\u011bzy, pr\u00fd by to bez nich od Bludn\u00e9ho ne\u0161lo&#8230;.)<\/p>\n<p>Bezv\u011bt\u0159\u00ed se pon\u011bkud nekonalo, ale m\u011bl sem nalo\u017eeno fo\u0165\u00e1kem. \ud83d\ude42 Krom toho, \u017ee mi namrzal nos, bylo mi dob\u0159e&#8230; teda, a\u017e kdy\u017e sem si za letu vym\u011bnil rukavicu na lev\u00e9 ruce, kter\u00e1 prochl\u00e1dala podez\u0159ele rychlej. Sem si ju splet. :-\/<\/p>\n<p>P\u0159ijel sem na kopec abych zjistil, \u017ee ta zaj\u00edmav\u00e1 mlha v \u00fadol\u00ed u\u017e tam n\u00e9ni. Co u\u017e.<\/p>\n<p>Proxima chodila p\u011bkn\u011b, ale baterka po prvn\u00edm nastoup\u00e1n\u00ed u\u017e nejevila takov\u00e9 nad\u0161en\u00ed na dal\u0161\u00ed, tak\u017ee sem nal\u00e9tal asi jen 10-15 minut&#8230;.<\/p>\n<p>Cestou dom\u016f jsem zastavil na kus \u0159e\u010di za lidmi, co nad Dr\u017ekovou zaparkovali auto k potoku&#8230;. vypadalo to divn\u011b. Z cesty byla vid\u011bt jen st\u0159echa. Ale nikomu se nic nestalo a pr\u00fd u\u017e jede traktor s navij\u00e1kem&#8230; taky dob\u0159e. Na Rablin\u011b vedlo taky n\u011bkolik stop divn\u011b do p\u0159\u00edkopy. :-\/ Asi zase n\u011b\u010dekan\u011b nasn\u011b\u017eilo a lidi si je\u0161t\u011b nezvykli.<\/p>\n<p>No&#8230; dob\u0159e. Proxima p\u0159e\u017eila 3 roky. \ud83d\ude42<\/p>\n<p>&nbsp;<\/p>\n","protected":false},"excerpt":{"rendered":"<p>Ve st\u0159edu sem si vzal p\u016flden dovolen\u00e9, abych vyjel na Troj\u00e1k za \u00fa\u010delem focen\u00ed&#8230;<\/p>\n","protected":false},"author":3,"featured_media":0,"comment_status":"open","ping_status":"closed","sticky":false,"template":"","format":"standard","meta":{"footnotes":""},"categories":[23],"tags":[],"class_list":["post-18876","post","type-post","status-publish","format-standard","hentry","category-poletovani-jinde"],"_links":{"self":[{"href":"https:\/\/mlz.frystacko.cz\/index.php?rest_route=\/wp\/v2\/posts\/18876","targetHints":{"allow":["GET"]}}],"collection":[{"href":"https:\/\/mlz.frystacko.cz\/index.php?rest_route=\/wp\/v2\/posts"}],"about":[{"href":"https:\/\/mlz.frystacko.cz\/index.php?rest_route=\/wp\/v2\/types\/post"}],"author":[{"embeddable":true,"href":"https:\/\/mlz.frystacko.cz\/index.php?rest_route=\/wp\/v2\/users\/3"}],"replies":[{"embeddable":true,"href":"https:\/\/mlz.frystacko.cz\/index.php?rest_route=%2Fwp%2Fv2%2Fcomments&post=18876"}],"version-history":[{"count":1,"href":"https:\/\/mlz.frystacko.cz\/index.php?rest_route=\/wp\/v2\/posts\/18876\/revisions"}],"predecessor-version":[{"id":18897,"href":"https:\/\/mlz.frystacko.cz\/index.php?rest_route=\/wp\/v2\/posts\/18876\/revisions\/18897"}],"wp:attachment":[{"href":"https:\/\/mlz.frystacko.cz\/index.php?rest_route=%2Fwp%2Fv2%2Fmedia&parent=18876"}],"wp:term":[{"taxonomy":"category","embeddable":true,"href":"https:\/\/mlz.frystacko.cz\/index.php?rest_route=%2Fwp%2Fv2%2Fcategories&post=18876"},{"taxonomy":"post_tag","embeddable":true,"href":"https:\/\/mlz.frystacko.cz\/index.php?rest_route=%2Fwp%2Fv2%2Ftags&post=18876"}],"curies":[{"name":"wp","href":"https:\/\/api.w.org\/{rel}","templated":true}]}}