{"id":18899,"date":"2016-12-17T20:05:31","date_gmt":"2016-12-17T19:05:31","guid":{"rendered":"https:\/\/mlz.frystacko.cz\/?p=18899"},"modified":"2016-12-17T21:23:54","modified_gmt":"2016-12-17T20:23:54","slug":"letiste-za-barakem-aneb-jirka-mel-packovy-abstak","status":"publish","type":"post","link":"https:\/\/mlz.frystacko.cz\/?p=18899","title":{"rendered":"Leti\u0161t\u011b -> za bar\u00e1kem aneb Jirka m\u011bl p\u00e1\u010dkov\u00fd abs\u0165\u00e1k"},"content":{"rendered":"<p><img loading=\"lazy\" decoding=\"async\" class=\"size-thumbnail wp-image-18900 alignleft\" src=\"https:\/\/mlz.frystacko.cz\/wp-uploads\/2016\/12\/IMG_20161217_143419-100x56.jpg\" alt=\"\" width=\"100\" height=\"56\" srcset=\"https:\/\/mlz.frystacko.cz\/wp-uploads\/2016\/12\/IMG_20161217_143419-100x56.jpg 100w, https:\/\/mlz.frystacko.cz\/wp-uploads\/2016\/12\/IMG_20161217_143419-300x169.jpg 300w, https:\/\/mlz.frystacko.cz\/wp-uploads\/2016\/12\/IMG_20161217_143419-768x433.jpg 768w, https:\/\/mlz.frystacko.cz\/wp-uploads\/2016\/12\/IMG_20161217_143419-1024x577.jpg 1024w\" sizes=\"auto, (max-width: 100px) 100vw, 100px\" \/>N\u011bkdy kolem 13h mi psal nemocn\u00fd Martin,\u00a0 \u017ee je kr\u00e1sn\u011b a \u017ee volal Jirka Hrube\u0161,\u00a0 \u017ee nem\u00e1 s k\u00fdm j\u00edt l\u00e9tat.<!--more--> No j\u00e1 mu odepsal, \u017ee m\u011b je\u0161t\u011b nevolal a sotva p\u00e1r minut po odesl\u00e1n\u00ed mi Jirka volal. Smutn\u011b jsem se pod\u00edval na \u017eenu a dostal povolenku \ud83d\ude42 Sbalil Funcuba a psa a vydal se sm\u011br leti\u0161t\u011b. No u n\u00e1s je\u0161t\u011b sv\u00edtilo slun\u00ed\u010dko, ale u\u017e pod kopcem kolem ZOO byla mlha, ale dojeli jsme i tak na leti\u0161t\u011b a p\u0159ekvapiv\u011b mlha. Jeli jsme proto k n\u00e1m na louku, proto\u017ee jsem na kame\u0159e zjistil, \u017ee opravdu u n\u00e1s mlha je\u0161t\u011b nen\u00ed. Dali jsme ka\u017ed\u00fd jednu baterku. J\u00e1 p\u0159ist\u00e1l i v t\u00e9 vysok\u00e9 tr\u00e1v\u011b v pohod\u011b, ale Jirka mus\u00ed vym\u011bnit h\u0159\u00eddel na nov\u00e9m motoru. Cht\u011bl to ud\u011blat stejn\u011b, proto\u017ee origin\u00e1l je prej blato.<\/p>\n","protected":false},"excerpt":{"rendered":"<p>N\u011bkdy kolem 13h mi psal nemocn\u00fd Martin,\u00a0 \u017ee je kr\u00e1sn\u011b a \u017ee volal Jirka Hrube\u0161,\u00a0 \u017ee nem\u00e1 s k\u00fdm j\u00edt l\u00e9tat.<\/p>\n","protected":false},"author":14,"featured_media":0,"comment_status":"open","ping_status":"closed","sticky":false,"template":"","format":"standard","meta":{"footnotes":""},"categories":[18],"tags":[],"class_list":["post-18899","post","type-post","status-publish","format-standard","hentry","category-provoz-na-letisti"],"_links":{"self":[{"href":"https:\/\/mlz.frystacko.cz\/index.php?rest_route=\/wp\/v2\/posts\/18899","targetHints":{"allow":["GET"]}}],"collection":[{"href":"https:\/\/mlz.frystacko.cz\/index.php?rest_route=\/wp\/v2\/posts"}],"about":[{"href":"https:\/\/mlz.frystacko.cz\/index.php?rest_route=\/wp\/v2\/types\/post"}],"author":[{"embeddable":true,"href":"https:\/\/mlz.frystacko.cz\/index.php?rest_route=\/wp\/v2\/users\/14"}],"replies":[{"embeddable":true,"href":"https:\/\/mlz.frystacko.cz\/index.php?rest_route=%2Fwp%2Fv2%2Fcomments&post=18899"}],"version-history":[{"count":4,"href":"https:\/\/mlz.frystacko.cz\/index.php?rest_route=\/wp\/v2\/posts\/18899\/revisions"}],"predecessor-version":[{"id":18910,"href":"https:\/\/mlz.frystacko.cz\/index.php?rest_route=\/wp\/v2\/posts\/18899\/revisions\/18910"}],"wp:attachment":[{"href":"https:\/\/mlz.frystacko.cz\/index.php?rest_route=%2Fwp%2Fv2%2Fmedia&parent=18899"}],"wp:term":[{"taxonomy":"category","embeddable":true,"href":"https:\/\/mlz.frystacko.cz\/index.php?rest_route=%2Fwp%2Fv2%2Fcategories&post=18899"},{"taxonomy":"post_tag","embeddable":true,"href":"https:\/\/mlz.frystacko.cz\/index.php?rest_route=%2Fwp%2Fv2%2Ftags&post=18899"}],"curies":[{"name":"wp","href":"https:\/\/api.w.org\/{rel}","templated":true}]}}