{"id":19115,"date":"2017-01-01T20:36:10","date_gmt":"2017-01-01T19:36:10","guid":{"rendered":"https:\/\/mlz.frystacko.cz\/?p=19115"},"modified":"2017-01-02T09:26:18","modified_gmt":"2017-01-02T08:26:18","slug":"skalny","status":"publish","type":"post","link":"https:\/\/mlz.frystacko.cz\/?p=19115","title":{"rendered":"Skaln\u00fd&#8230;"},"content":{"rendered":"<p><img loading=\"lazy\" decoding=\"async\" class=\"alignleft size-thumbnail wp-image-19146\" src=\"https:\/\/mlz.frystacko.cz\/wp-uploads\/2017\/01\/zm.IMG_4117-100x56.jpg\" alt=\"\" width=\"100\" height=\"56\" srcset=\"https:\/\/mlz.frystacko.cz\/wp-uploads\/2017\/01\/zm.IMG_4117-100x56.jpg 100w, https:\/\/mlz.frystacko.cz\/wp-uploads\/2017\/01\/zm.IMG_4117-300x169.jpg 300w, https:\/\/mlz.frystacko.cz\/wp-uploads\/2017\/01\/zm.IMG_4117-768x431.jpg 768w, https:\/\/mlz.frystacko.cz\/wp-uploads\/2017\/01\/zm.IMG_4117-1024x575.jpg 1024w, https:\/\/mlz.frystacko.cz\/wp-uploads\/2017\/01\/zm.IMG_4117.jpg 1200w\" sizes=\"auto, (max-width: 100px) 100vw, 100px\" \/>U\u017e del\u0161\u00ed dobu sem cht\u011bl pofotit kolem skaln\u00e9ho, tak\u017ee sme leto\u0161n\u00ed prvn\u00ed proch\u00e1zku vhodn\u011b zkombinovali.<\/p>\n<p><!--more-->Mlha co v\u010dera odpoledne byla v\u0161ude (cca do 20-30m od zem\u011b to ale kon\u010dilo) p\u0159es noc namrzla na kde\u010dem&#8230;. a dnes se vytvo\u0159ila zase. No tak jako v\u010dera, sta\u010dilo vyl\u00e9zt p\u00e1r metr\u016f nahoru a tam bylo jasno. Zajeli sme tedy na Rusavu (Ho\u0159ansko) a vyplazili se po modr\u00e9 na Skaln\u00fd. N\u011bco m\u00e1lo p\u0159es kilometr&#8230; a 240m p\u0159ev\u00fd\u0161en\u00ed. Po\u010das\u00ed n\u00e1dhern\u00e9, obloha modr\u00e1, nikde mr\u00e1\u010dek a viditelnost toho, co bylo nad mlhou byla prima&#8230; Radho\u0161\u0165 i s Lysou pozn\u00e1m, co bylo d\u00e1l kolem si nejsu u v\u0161eho a\u017e tak jist\u00fd. Z bazaru p\u0159i\u0161el Ixus 310, tak\u017ee jsem ho p\u0159i t\u00e9to p\u0159\u00edle\u017eitosti, otestoval. <img src=\"https:\/\/mlz.frystacko.cz\/wp-includes\/images\/smilies\/mrgreen.png\" alt=\":mrgreen:\" class=\"wp-smiley\" style=\"height: 1em; max-height: 1em;\" \/><\/p>\n<p>Naho\u0159e mne sice lehk\u00fd v\u00e1nek malinko tla\u010dil jedn\u00edm sm\u011brem, ale i tak se da\u0159ilo pofotit zhruba v\u0161emi sm\u011bry. \ud83d\ude42 P\u0159ist\u00e1n\u00ed sem si &#8222;vyzkou\u0161el&#8220; nane\u010disto z n\u011bkolika sm\u011br\u016f, abych otestoval, ze kter\u00e9 strany je nejv\u00edc strom\u016f (kter\u00e9 se mi nehodily) a ze kter\u00e9 strany je to zase kr\u00e1tk\u00e9 (a z kopce)&#8230; ale na zem sem se nakonec \u00fasp\u011b\u0161n\u011b trefil. \ud83d\ude42<\/p>\n<p>Dal\u0161\u00ed start u\u017e sem rad\u011bji neprovedl. Fo\u0165\u00e1k m\u011bl u\u017e t\u00e9m\u011b\u0159 vy\u017eranou baterku, video se mi n\u011bjak st\u0159ihat necht\u011blo u\u017e p\u0159edem a vidina dal\u0161\u00edch pokus\u016f o p\u0159ist\u00e1n\u00ed mne moc nel\u00e1kala&#8230;. k\u00f3r kdy\u017e se tam r\u016fzn\u011b trousili lidi&#8230;\u00a0 Cestu dol\u016f sme zvolili malinko naokolo&#8230; jednak to nebylo tak prudko z kopca a druhak sme se aspo\u0148 pod\u00edvali, kudy je to taky sch\u016fdn\u00e9. \ud83d\ude42<\/p>\n<p>V\u00fdrazn\u00e1 mlha za\u010dala n\u011bkde u Chom\u00fd\u017ee a kon\u010dila za P\u0159\u00edlepama. Kolem leti\u0161t\u011b to vypadalo u\u017e celkem hezky, ale nikoho sem tam nezahl\u00eddl. P\u0159\u00edjemn\u00e9 fotografce d\u011bkuji za doprovod a dokumentaci ze zem\u011b. \ud83d\ude42<\/p>\n","protected":false},"excerpt":{"rendered":"<p>U\u017e del\u0161\u00ed dobu sem cht\u011bl pofotit kolem skaln\u00e9ho, tak\u017ee sme leto\u0161n\u00ed prvn\u00ed proch\u00e1zku vhodn\u011b zkombinovali.<\/p>\n","protected":false},"author":3,"featured_media":0,"comment_status":"open","ping_status":"closed","sticky":false,"template":"","format":"standard","meta":{"footnotes":""},"categories":[23],"tags":[],"class_list":["post-19115","post","type-post","status-publish","format-standard","hentry","category-poletovani-jinde"],"_links":{"self":[{"href":"https:\/\/mlz.frystacko.cz\/index.php?rest_route=\/wp\/v2\/posts\/19115","targetHints":{"allow":["GET"]}}],"collection":[{"href":"https:\/\/mlz.frystacko.cz\/index.php?rest_route=\/wp\/v2\/posts"}],"about":[{"href":"https:\/\/mlz.frystacko.cz\/index.php?rest_route=\/wp\/v2\/types\/post"}],"author":[{"embeddable":true,"href":"https:\/\/mlz.frystacko.cz\/index.php?rest_route=\/wp\/v2\/users\/3"}],"replies":[{"embeddable":true,"href":"https:\/\/mlz.frystacko.cz\/index.php?rest_route=%2Fwp%2Fv2%2Fcomments&post=19115"}],"version-history":[{"count":3,"href":"https:\/\/mlz.frystacko.cz\/index.php?rest_route=\/wp\/v2\/posts\/19115\/revisions"}],"predecessor-version":[{"id":19158,"href":"https:\/\/mlz.frystacko.cz\/index.php?rest_route=\/wp\/v2\/posts\/19115\/revisions\/19158"}],"wp:attachment":[{"href":"https:\/\/mlz.frystacko.cz\/index.php?rest_route=%2Fwp%2Fv2%2Fmedia&parent=19115"}],"wp:term":[{"taxonomy":"category","embeddable":true,"href":"https:\/\/mlz.frystacko.cz\/index.php?rest_route=%2Fwp%2Fv2%2Fcategories&post=19115"},{"taxonomy":"post_tag","embeddable":true,"href":"https:\/\/mlz.frystacko.cz\/index.php?rest_route=%2Fwp%2Fv2%2Ftags&post=19115"}],"curies":[{"name":"wp","href":"https:\/\/api.w.org\/{rel}","templated":true}]}}