{"id":19955,"date":"2017-04-04T08:23:15","date_gmt":"2017-04-04T06:23:15","guid":{"rendered":"https:\/\/mlz.frystacko.cz\/?p=19955"},"modified":"2017-04-04T20:08:41","modified_gmt":"2017-04-04T18:08:41","slug":"sobotni-brigada-probehla","status":"publish","type":"post","link":"https:\/\/mlz.frystacko.cz\/?p=19955","title":{"rendered":"Sobotn\u00ed brig\u00e1da prob\u011bhla."},"content":{"rendered":"<p><a href=\"https:\/\/mlz.frystacko.cz\/?attachment_id=19982\" rel=\"attachment wp-att-19982\"><img loading=\"lazy\" decoding=\"async\" class=\"alignleft size-thumbnail wp-image-19982\" src=\"https:\/\/mlz.frystacko.cz\/wp-uploads\/2017\/04\/DSCN9935-100x75.jpg\" alt=\"\" width=\"100\" height=\"75\" srcset=\"https:\/\/mlz.frystacko.cz\/wp-uploads\/2017\/04\/DSCN9935-100x75.jpg 100w, https:\/\/mlz.frystacko.cz\/wp-uploads\/2017\/04\/DSCN9935-267x200.jpg 267w, https:\/\/mlz.frystacko.cz\/wp-uploads\/2017\/04\/DSCN9935-768x576.jpg 768w, https:\/\/mlz.frystacko.cz\/wp-uploads\/2017\/04\/DSCN9935-1024x768.jpg 1024w\" sizes=\"auto, (max-width: 100px) 100vw, 100px\" \/><\/a>Na sobotu 1.4.2017 byla po p\u0159edb\u011b\u017en\u00e9 domluv\u011b vyps\u00e1na brig\u00e1da na osmou rann\u00ed. Jako prvn\u00ed tam byl Martin a dal\u0161\u00ed kluci p\u0159ijeli zanedlouho.<\/p>\n<p><!--more-->Zhruba o p\u016fl dev\u00e1t\u00e9 se za\u010dala vyhrab\u00e1vat star\u00e1 tr\u00e1va a mech na severn\u00edm konci po prvn\u00edch metrech bylo jasn\u00e9 \u017ee v \u0161esti lidech to bude maka\u010dka, ale postupem \u010dasu p\u0159ij\u00ed\u017ed\u011bli dal\u0161\u00ed a dal\u0161\u00ed kluci. \u00a0Kolem des\u00e1t\u00e9 hodiny u\u017e byla pohrab\u00e1na cel\u00e1 plocha, v\u0161e se nalo\u017eilo na voz\u00edk a odvezlo na skl\u00e1dku, zp\u00e1te\u010dn\u00ed cestou se je\u0161t\u011b dovezly lavice, po ustaven\u00ed byl proveden nov\u00fd n\u00e1t\u011br d\u0159ev\u011bn\u00fdch \u010d\u00e1st\u00ed. Ikdy\u017e bylo p\u011bkn\u00e9 po\u010das\u00ed ale foukal siln\u00fd bo\u010dn\u00ed v\u00edtr tak postupn\u011b v\u0161ichni rozjeli dom\u016f. D\u011bkuji v\u0161em za hojnou \u00fa\u010dast a hlavn\u011b t\u011bm co p\u0159ilo\u017eili ruku k dob\u0159e ud\u011blan\u00e9 pr\u00e1ci. \u00a0Letu zdar.<\/p>\n<p>&nbsp;<\/p>\n<p>&nbsp;<\/p>\n","protected":false},"excerpt":{"rendered":"<p>Na sobotu 1.4.2017 byla po p\u0159edb\u011b\u017en\u00e9 domluv\u011b vyps\u00e1na brig\u00e1da na osmou rann\u00ed. Jako prvn\u00ed tam byl Martin a dal\u0161\u00ed kluci p\u0159ijeli zanedlouho.<\/p>\n","protected":false},"author":5,"featured_media":0,"comment_status":"open","ping_status":"closed","sticky":false,"template":"","format":"standard","meta":{"footnotes":""},"categories":[8],"tags":[],"class_list":["post-19955","post","type-post","status-publish","format-standard","hentry","category-udrzba"],"_links":{"self":[{"href":"https:\/\/mlz.frystacko.cz\/index.php?rest_route=\/wp\/v2\/posts\/19955","targetHints":{"allow":["GET"]}}],"collection":[{"href":"https:\/\/mlz.frystacko.cz\/index.php?rest_route=\/wp\/v2\/posts"}],"about":[{"href":"https:\/\/mlz.frystacko.cz\/index.php?rest_route=\/wp\/v2\/types\/post"}],"author":[{"embeddable":true,"href":"https:\/\/mlz.frystacko.cz\/index.php?rest_route=\/wp\/v2\/users\/5"}],"replies":[{"embeddable":true,"href":"https:\/\/mlz.frystacko.cz\/index.php?rest_route=%2Fwp%2Fv2%2Fcomments&post=19955"}],"version-history":[{"count":5,"href":"https:\/\/mlz.frystacko.cz\/index.php?rest_route=\/wp\/v2\/posts\/19955\/revisions"}],"predecessor-version":[{"id":19997,"href":"https:\/\/mlz.frystacko.cz\/index.php?rest_route=\/wp\/v2\/posts\/19955\/revisions\/19997"}],"wp:attachment":[{"href":"https:\/\/mlz.frystacko.cz\/index.php?rest_route=%2Fwp%2Fv2%2Fmedia&parent=19955"}],"wp:term":[{"taxonomy":"category","embeddable":true,"href":"https:\/\/mlz.frystacko.cz\/index.php?rest_route=%2Fwp%2Fv2%2Fcategories&post=19955"},{"taxonomy":"post_tag","embeddable":true,"href":"https:\/\/mlz.frystacko.cz\/index.php?rest_route=%2Fwp%2Fv2%2Ftags&post=19955"}],"curies":[{"name":"wp","href":"https:\/\/api.w.org\/{rel}","templated":true}]}}