{"id":20642,"date":"2017-06-04T20:41:28","date_gmt":"2017-06-04T18:41:28","guid":{"rendered":"https:\/\/mlz.frystacko.cz\/?p=20642"},"modified":"2017-06-04T20:41:28","modified_gmt":"2017-06-04T18:41:28","slug":"olsina-33","status":"publish","type":"post","link":"https:\/\/mlz.frystacko.cz\/?p=20642","title":{"rendered":"Ol\u0161ina&#8230;"},"content":{"rendered":"<p><img loading=\"lazy\" decoding=\"async\" class=\"alignleft size-thumbnail wp-image-20669\" src=\"https:\/\/mlz.frystacko.cz\/wp-uploads\/2017\/06\/zm.bIMG_0013-100x67.jpg\" alt=\"\" width=\"100\" height=\"67\" srcset=\"https:\/\/mlz.frystacko.cz\/wp-uploads\/2017\/06\/zm.bIMG_0013-100x67.jpg 100w, https:\/\/mlz.frystacko.cz\/wp-uploads\/2017\/06\/zm.bIMG_0013-300x200.jpg 300w, https:\/\/mlz.frystacko.cz\/wp-uploads\/2017\/06\/zm.bIMG_0013-768x512.jpg 768w, https:\/\/mlz.frystacko.cz\/wp-uploads\/2017\/06\/zm.bIMG_0013-1024x683.jpg 1024w, https:\/\/mlz.frystacko.cz\/wp-uploads\/2017\/06\/zm.bIMG_0013.jpg 1200w\" sizes=\"auto, (max-width: 100px) 100vw, 100px\" \/>Pr\u00fd bude foukat ji\u017e\u00e1k&#8230; asi do 2 a pak p\u0159ijde voda. Vyu\u017eil sem toho. P\u0159edpov\u011b\u010f vy\u0161la v\u00edcem\u00e9n\u011b p\u0159esn\u011b. \ud83d\ude42<\/p>\n<p><!--more-->Pl\u00e1n byl jasn\u00fd. Vyraz\u00edm p\u0159ed 9., abych stihl pol\u00e9tat&#8230;. hm&#8230; tak sem vyr\u00e1\u017eel sice po 10, ale i tak to bylo fajn. Psal sem narychlo jen Radkovi a Milanovi \u017ee jedu. Radek neodpov\u011bd\u011bl, bo si to na svahu u\u017e asi nestihl p\u0159e\u010d\u00edst. \ud83d\ude42 Milan se probral, kdy\u017e sem vyn\u00e1\u0161el letadlo na svah&#8230;. zjevn\u011b mu to vy\u0159e\u0161ilo p\u0159em\u00fd\u0161len\u00ed, co d\u00e1l by je\u0161t\u011b mohl ten den d\u011blat. <img src=\"https:\/\/mlz.frystacko.cz\/wp-includes\/images\/smilies\/mrgreen.png\" alt=\":mrgreen:\" class=\"wp-smiley\" style=\"height: 1em; max-height: 1em;\" \/><\/p>\n<p><img loading=\"lazy\" decoding=\"async\" class=\"alignright size-medium wp-image-20671\" src=\"https:\/\/mlz.frystacko.cz\/wp-uploads\/2017\/06\/zm.bIMG_0023-300x200.jpg\" alt=\"\" width=\"300\" height=\"200\" srcset=\"https:\/\/mlz.frystacko.cz\/wp-uploads\/2017\/06\/zm.bIMG_0023-300x200.jpg 300w, https:\/\/mlz.frystacko.cz\/wp-uploads\/2017\/06\/zm.bIMG_0023-100x67.jpg 100w, https:\/\/mlz.frystacko.cz\/wp-uploads\/2017\/06\/zm.bIMG_0023-768x512.jpg 768w, https:\/\/mlz.frystacko.cz\/wp-uploads\/2017\/06\/zm.bIMG_0023-1024x683.jpg 1024w, https:\/\/mlz.frystacko.cz\/wp-uploads\/2017\/06\/zm.bIMG_0023.jpg 1200w\" sizes=\"auto, (max-width: 300px) 100vw, 300px\" \/>Hodn\u00fd p\u00e1n, kter\u00fd u\u017e m\u011bl asi odl\u00e9tan\u00e9, mne na cest\u011b upozornil, \u017ee pr\u016fchod \u0159epkou je pohodln\u00fd, ale a\u017e u kraje pole. Tj. ne od posedu, ale p\u0159ejet je\u0161t\u011b o kousek d\u00e1l a t\u011bsn\u011b p\u0159ed koncem \u0159epkovi\u0161t\u011b je vyjet\u00e1 par\u00e1dn\u00ed kolej traktorem. Po n\u00ed se d\u00e1 doj\u00edt ke kraji u svahu, tam se zahne, op\u011bt komfortn\u00ed kolej\u00ed, a po p\u00e1r metrech to v\u0161e vyjde na louku. \u017d\u00e1dn\u00e9 propl\u00e9t\u00e1n\u00ed. Prima. \u0158epka je na\u0161t\u011bst\u00ed toho druhu, \u017ee pr\u016fm\u011brn\u00fd opo\u010dlov\u011bk m\u00e1 hlavu nad porostem a je vid\u011bt kam to vede. \ud83d\ude42<\/p>\n<p>Kr\u00e1l\u00edkovi byli na svahu oba. Jen pr\u00fd f\u016fkalo od v\u00fdchodu a proto z\u016fstali hned na kraji. L\u00e9tali vesele, p\u0159ist\u00e1vali divoce&#8230;. pozd\u011bji i po v\u011btru, bo ten se pomalu za\u010d\u00ednal to\u010dit spr\u00e1vn\u00fdm sm\u011brem. P\u0159i odchodu se u auta minuli s Milanem. Tou dobou u\u017e foukao spr\u00e1vn\u011b\u2122, tak\u017ee sme se odebrali na obvykl\u00fd pl\u00e1cek.<\/p>\n<p><img loading=\"lazy\" decoding=\"async\" class=\"alignleft size-medium wp-image-20669\" src=\"https:\/\/mlz.frystacko.cz\/wp-uploads\/2017\/06\/zm.bIMG_0013-300x200.jpg\" alt=\"\" width=\"300\" height=\"200\" srcset=\"https:\/\/mlz.frystacko.cz\/wp-uploads\/2017\/06\/zm.bIMG_0013-300x200.jpg 300w, https:\/\/mlz.frystacko.cz\/wp-uploads\/2017\/06\/zm.bIMG_0013-100x67.jpg 100w, https:\/\/mlz.frystacko.cz\/wp-uploads\/2017\/06\/zm.bIMG_0013-768x512.jpg 768w, https:\/\/mlz.frystacko.cz\/wp-uploads\/2017\/06\/zm.bIMG_0013-1024x683.jpg 1024w, https:\/\/mlz.frystacko.cz\/wp-uploads\/2017\/06\/zm.bIMG_0013.jpg 1200w\" sizes=\"auto, (max-width: 300px) 100vw, 300px\" \/>Proxima chodila schopn\u011b, termiky i v\u011btru bylo dostatek i na to pokroucen\u00e9 k\u0159\u00eddlo. I kamerku to uvezlo. K\u0159\u00eddlo dr\u017e\u00ed. (ust\u00e1lo i jedno nehezk\u00e9 p\u0159ist\u00e1n\u00ed na ucho&#8230;)<br \/>\nMilanovy stroje taky d\u011blaly majiteli radost. Fko (\u010derven\u00e1 dekorace, jinak jsou oba stroje \u017elut\u00e9&#8230;) pr\u00fd pot\u0159ebuje je\u0161t\u011b malinko lad\u011bn\u00ed&#8230; a sv\u011bd\u010dilo by tomu tro\u0161inku nalo\u017eit. \ud83d\ude42<br \/>\nKarlovi sme nem\u011bli odvahu d\u00e1vat najevo, kde sme, aby mu to nep\u0159i\u0161lo l\u00edto. (\u017ee teda aspo\u0148 moc pozdravujem \ud83d\ude1b )<\/p>\n<p>Z domu mi p\u0159i\u0161lo nez\u00e1visle n\u011bkolik hl\u00e1\u0161en\u00ed, \u017ee u\u017e tam pr\u0161\u00ed, ale to je\u0161t\u011b nebylo &#8222;ono&#8220;. N\u011bjak po p\u016fl na 2 sme to ale rad\u011bji sbalili a vyrazili k domovu&#8230;. voda nakonec opravdu p\u0159i\u0161la, ale to u\u017e n\u00e1m nevadilo. N\u00e1dhern\u00fd den. Jako zpest\u0159en\u00ed mne tam hryzla jak\u00e1si f\u010dela a j\u00e1 ji na opl\u00e1tku reflexivn\u011b fl\u00e1knul a a\u017e pak se d\u00edval, co to bylo&#8230; Nev\u00edm co konkr\u00e9tn\u011b se j\u00ed na mne nel\u00edbilo.\u00a0 Jak \u0159\u00edk\u00e1m, prima den. \ud83d\ude00 A v chr\u00e1st\u00ed na lev\u00e9 stran\u011b moment\u00e1ln\u011b kvete kde co&#8230; je tam moc hezky.<\/p>\n<p>Ehm&#8230; kdo si pamatuje v Sele\u0161ovic\u00e1ch hospodu u hlavn\u00ed cesty&#8230; posledn\u00ed dobou u\u017e nepoj\u00edzdnou&#8230; tak u\u017e nen\u00ed, dnes to byly dv\u011b hromady cihel.<\/p>\n","protected":false},"excerpt":{"rendered":"<p>Pr\u00fd bude foukat ji\u017e\u00e1k&#8230; asi do 2 a pak p\u0159ijde voda. Vyu\u017eil sem toho. P\u0159edpov\u011b\u010f vy\u0161la v\u00edcem\u00e9n\u011b p\u0159esn\u011b. \ud83d\ude42<\/p>\n","protected":false},"author":3,"featured_media":0,"comment_status":"open","ping_status":"closed","sticky":false,"template":"","format":"standard","meta":{"footnotes":""},"categories":[21],"tags":[],"class_list":["post-20642","post","type-post","status-publish","format-standard","hentry","category-svah"],"_links":{"self":[{"href":"https:\/\/mlz.frystacko.cz\/index.php?rest_route=\/wp\/v2\/posts\/20642","targetHints":{"allow":["GET"]}}],"collection":[{"href":"https:\/\/mlz.frystacko.cz\/index.php?rest_route=\/wp\/v2\/posts"}],"about":[{"href":"https:\/\/mlz.frystacko.cz\/index.php?rest_route=\/wp\/v2\/types\/post"}],"author":[{"embeddable":true,"href":"https:\/\/mlz.frystacko.cz\/index.php?rest_route=\/wp\/v2\/users\/3"}],"replies":[{"embeddable":true,"href":"https:\/\/mlz.frystacko.cz\/index.php?rest_route=%2Fwp%2Fv2%2Fcomments&post=20642"}],"version-history":[{"count":1,"href":"https:\/\/mlz.frystacko.cz\/index.php?rest_route=\/wp\/v2\/posts\/20642\/revisions"}],"predecessor-version":[{"id":20681,"href":"https:\/\/mlz.frystacko.cz\/index.php?rest_route=\/wp\/v2\/posts\/20642\/revisions\/20681"}],"wp:attachment":[{"href":"https:\/\/mlz.frystacko.cz\/index.php?rest_route=%2Fwp%2Fv2%2Fmedia&parent=20642"}],"wp:term":[{"taxonomy":"category","embeddable":true,"href":"https:\/\/mlz.frystacko.cz\/index.php?rest_route=%2Fwp%2Fv2%2Fcategories&post=20642"},{"taxonomy":"post_tag","embeddable":true,"href":"https:\/\/mlz.frystacko.cz\/index.php?rest_route=%2Fwp%2Fv2%2Ftags&post=20642"}],"curies":[{"name":"wp","href":"https:\/\/api.w.org\/{rel}","templated":true}]}}