{"id":21198,"date":"2017-07-18T10:59:11","date_gmt":"2017-07-18T08:59:11","guid":{"rendered":"https:\/\/mlz.frystacko.cz\/?p=21198"},"modified":"2017-07-21T14:03:30","modified_gmt":"2017-07-21T12:03:30","slug":"a-v-pondeli-zase","status":"publish","type":"post","link":"https:\/\/mlz.frystacko.cz\/?p=21198","title":{"rendered":"a v pond\u011bl\u00ed zase, a v \u00fater\u00fd zase &#8230; jasn\u011b, ve st\u0159edu taky, \u010dtvrtek? &#8211; jak jinak !!!"},"content":{"rendered":"<p><img loading=\"lazy\" decoding=\"async\" class=\"alignleft size-thumbnail wp-image-21202\" src=\"https:\/\/mlz.frystacko.cz\/wp-uploads\/2017\/07\/IMG_7080_res20-100x75.jpg\" alt=\"\" width=\"100\" height=\"75\" srcset=\"https:\/\/mlz.frystacko.cz\/wp-uploads\/2017\/07\/IMG_7080_res20-100x75.jpg 100w, https:\/\/mlz.frystacko.cz\/wp-uploads\/2017\/07\/IMG_7080_res20-266x200.jpg 266w, https:\/\/mlz.frystacko.cz\/wp-uploads\/2017\/07\/IMG_7080_res20-768x576.jpg 768w, https:\/\/mlz.frystacko.cz\/wp-uploads\/2017\/07\/IMG_7080_res20.jpg 922w\" sizes=\"auto, (max-width: 100px) 100vw, 100px\" \/>Pond\u011bln\u00ed podve\u010der pokra\u010doval v duchu p\u0159edchoz\u00edch dn\u016f. L\u00e9talo se a v\u0161em to d\u011blalo radost.<\/p>\n<p><!--more-->Sobotu a ned\u011bli jsem odbyl aktualizac\u00ed v p\u00e1te\u010dn\u00edm p\u0159\u00edsp\u011bvku v\u011btou, \u017ee se vlastn\u011b tak\u00e9 l\u00e9talo, ale fotky nejsou, nebo nebyly dod\u00e1ny. V pond\u011bl\u00ed jsme se sjeli (tzn. p\u0159ijeli auty na leti\u0161t\u011b) a\u017e po p\u00e1t\u00e9 hodin\u011b. Stejn\u011b n\u00e1s tam bylo jen p\u011bt.<\/p>\n<p>Jirka Hrube\u0161 postavil na start l\u00e9ty osv\u011bd\u010den\u00fd model akrobata SPEED AIR-40. S letov\u00fdmi v\u00fdkony modelu, chodem motoru a sv\u00fdmi pilotn\u00edmi dovednostmi byl nad\u0161en. U\u017e\u00edval si ka\u017edou sekundu. A \u017ee v jednu chv\u00edli motor za\u010dal vlivem drobn\u00e9 ne\u010distoty trochu chraplat, nebo \u017ee turbulentn\u00ed v\u00edtr cht\u011bl p\u0159ist\u00e1n\u00ed opep\u0159it, to Jirku nech\u00e1valo v klidu a v pohod\u011b.<\/p>\n<p>Honza l\u00e9tal o Orlou. Co\u017e o to, l\u00e9t\u00e1 to p\u011bkn\u011b &#8230; ale ten zvuk motoru s p\u0159evodovkou. To zn\u00ed dost nemocn\u011b. Honza ud\u011blal upgrade a osadil vrtuli s v\u011bt\u0161\u00edm stoup\u00e1n\u00edm. Tak snad bude s v\u00fdkony spokojen\u00fd nejen on, ale i regul\u00e1tor a baterka.<\/p>\n<p>V jednu chv\u00edli si Jirka s SPEED AIRem p\u0159ipadal jak obr\u00e1nce Lond\u00fdna ve WWII. Pod ji\u017en\u00edm prahem VPD za\u010dal sokoln\u00edk cvi\u010dit sv\u00e9ho ope\u0159ence a pou\u017eil k tomu draka. A \u017ee je SPEED v\u011brn\u00fd sv\u00e9mu n\u00e1zvu, l\u00e9t\u00e1 rychle a daleko, tak Jirka m\u011bl chv\u00edlemi co d\u011blat, aby mu z draka nenad\u011blal dr\u00e1\u010dky do \u0161kolky \ud83d\ude42\u00a0\u00a0 &#8230; berte to pros\u00edm s nads\u00e1zkou, ale pr\u00fd mu to fakt trochu vadilo.<\/p>\n<p>Ten n\u00e1\u0161 sokoln\u00edk (omlouv\u00e1m se, jm\u00e9no nev\u00edm, ale je dole v galerii) p\u0159ijel na tr\u00e9nink a\u017e kolem 19.00hod. Draka s n\u00e1vnadou vypustil sice hned u dr\u00e1hy, ale ve chv\u00edli, kdy natolik fouklo, \u017ee se nikomu necht\u011blo l\u00e9tat. Tak jsme sledovali \u0161ikovnost dravce a potom i jeho ve\u010de\u0159i.<\/p>\n<p>A mezi 19.30 &#8211; 20.00hod jsme se rozpustili. Spokojen\u011b jsme si v\u0161e sbalili a t\u011b\u0161\u00edme se na dal\u0161\u00ed letov\u00fd podve\u010der. T\u0159eba hned v \u00fater\u00fd.<\/p>\n<p>SPEED AIR-40: <a href=\"https:\/\/www.youtube.com\/watch?v=T-jatmRqRiQ&amp;t\">video 1<\/a>, <a href=\"https:\/\/www.youtube.com\/watch?v=s0X1g96pK8o\">video 2<\/a>, <a href=\"https:\/\/www.youtube.com\/watch?v=3QI1TZF7hYA\">video 3<\/a>,\u00a0 <a href=\"https:\/\/www.youtube.com\/watch?v=pUUHDaHvRfU\">video 4<\/a><\/p>\n<p>V\u00fdcvik sokola: <a href=\"https:\/\/www.youtube.com\/watch?v=j3Y5JnoURoA&amp;t\">video 1<\/a>, <a href=\"https:\/\/www.youtube.com\/watch?v=nvOhGc58594&amp;t\">video 2<\/a>\u00a0\u00a0 A\u00a0takhle\u00a0to\u00a0d\u011blaj\u00ed\u00a0v\u00a0<a href=\"https:\/\/www.youtube.com\/watch?v=psT0XKN0tdg&amp;feature=youtu.be\">Brn\u011b<\/a><\/p>\n<hr \/>\n<p><span style=\"text-decoration: underline\"><strong>\u00daTER\u00dd<\/strong><\/span><\/p>\n<p><img loading=\"lazy\" decoding=\"async\" class=\"alignleft size-thumbnail wp-image-21235\" src=\"https:\/\/mlz.frystacko.cz\/wp-uploads\/2017\/07\/IMG_7228_res30-100x75.jpg\" alt=\"\" width=\"100\" height=\"75\" srcset=\"https:\/\/mlz.frystacko.cz\/wp-uploads\/2017\/07\/IMG_7228_res30-100x75.jpg 100w, https:\/\/mlz.frystacko.cz\/wp-uploads\/2017\/07\/IMG_7228_res30-267x200.jpg 267w, https:\/\/mlz.frystacko.cz\/wp-uploads\/2017\/07\/IMG_7228_res30-768x576.jpg 768w, https:\/\/mlz.frystacko.cz\/wp-uploads\/2017\/07\/IMG_7228_res30-1024x768.jpg 1024w, https:\/\/mlz.frystacko.cz\/wp-uploads\/2017\/07\/IMG_7228_res30.jpg 1383w\" sizes=\"auto, (max-width: 100px) 100vw, 100px\" \/>Tak teda \u00fater\u00fd &#8211; trochu t\u00edm zamotalo po\u010das\u00ed. Chv\u00edli skoro bezv\u011bt\u0159\u00ed, chv\u00edli urag\u00e1n, chv\u00edli &#8211; del\u0161\u00ed chv\u00edli de\u0161\u0165ov\u00e1 p\u0159eh\u00e1\u0148ka. Trochu se l\u00e9talo, ale sp\u00ed\u0161 to byla pavla\u010d.<\/p>\n<p>A jeden p\u0159elet <a href=\"https:\/\/www.youtube.com\/watch?v=352fZbGXuvY&amp;feature=youtu.be\">nad MLZ.<\/a><\/p>\n<hr \/>\n<p><span style=\"text-decoration: underline\"><strong>ST\u0158EDA<\/strong><\/span><\/p>\n<p><img loading=\"lazy\" decoding=\"async\" class=\"alignleft size-thumbnail wp-image-21264\" src=\"https:\/\/mlz.frystacko.cz\/wp-uploads\/2017\/07\/IMG_7313_res30-1-100x75.jpg\" alt=\"\" width=\"100\" height=\"75\" srcset=\"https:\/\/mlz.frystacko.cz\/wp-uploads\/2017\/07\/IMG_7313_res30-1-100x75.jpg 100w, https:\/\/mlz.frystacko.cz\/wp-uploads\/2017\/07\/IMG_7313_res30-1-267x200.jpg 267w, https:\/\/mlz.frystacko.cz\/wp-uploads\/2017\/07\/IMG_7313_res30-1-768x576.jpg 768w, https:\/\/mlz.frystacko.cz\/wp-uploads\/2017\/07\/IMG_7313_res30-1-1024x768.jpg 1024w, https:\/\/mlz.frystacko.cz\/wp-uploads\/2017\/07\/IMG_7313_res30-1.jpg 1383w\" sizes=\"auto, (max-width: 100px) 100vw, 100px\" \/>Se nesla ve znamen\u00ed z\u00e1letu v\u011btron\u011b SOLIUS Multiplex. Radim kluk\u016fm pom\u00e1hal s nastaven\u00edm r\u00e1dia (Graupner) a se\u0159\u00edzen\u00edm. Jirka byl vrchn\u00ed, hlavn\u00ed a jedin\u00fd zal\u00e9t\u00e1va\u010d. Potom u\u017e si l\u00e9tal s\u00e1m majitel, a byl velmi \u0161\u0165astn\u00fd. V\u0161echny starty prob\u011bhly na jedni\u010dku a v\u0161echna p\u0159ist\u00e1n\u00ed tak\u00e9. Jak to l\u00e9talo tam naho\u0159e, to se\u00a0m\u016f\u017eete pod\u00edvat na tomto <a href=\"https:\/\/www.youtube.com\/watch?v=Sbz2baMIEzE&amp;t\">videu<\/a>\u00a0nebo v nezkr\u00e1cen\u00e9 verzi <a href=\"https:\/\/www.youtube.com\/watch?v=7ulFpJ4JbC4\">zde<\/a>.<\/p>\n<p>Solius video: <a href=\"https:\/\/www.youtube.com\/watch?v=_fROaTaz38k&amp;edit=vd\">start<\/a>,\u00a0<a href=\"https:\/\/www.youtube.com\/watch?v=GQpwVa-QQeg\">p\u0159ist\u00e1n\u00ed<\/a><\/p>\n<p>Honza s Proximou l\u00e9tal v poklidu\u00a0vysoko nad \u017dab\u00e1rnou (jeden let hl\u00e1sil 40min). B\u00e1je\u010dn\u011b jsme si zal\u00e9tali spole\u010dn\u011b, k\u0159\u00eddlo vedle k\u0159\u00eddla. Kolem 18.00hod byl siln\u00fd ji\u017en\u00ed a\u017e jihov\u00fdchodn\u00ed v\u00edtr. V\u00fdhodou bylo, \u017ee nebyl turbulentn\u00ed. S p\u0159ib\u00fdvaj\u00edc\u00edm \u010dasem se to \u00fapln\u011b uklidnilo. Tak se dalo l\u00e9tat na pohodi\u010dku.<\/p>\n<p>Opraven\u00e1 Bellanca (<a href=\"https:\/\/www.youtube.com\/watch?v=7Ht9iUC5uAk\">video<\/a> z hav\u00e1rie) si tak\u00e9 sko\u010dila jeden let &#8211; \u00fasp\u011b\u0161n\u00fd let \ud83d\ude42<\/p>\n<p>A na z\u00e1v\u011br trocha inspirace, kam by to focen\u00ed letadel \u0161lo je\u0161t\u011b posunout, kdy\u017e n\u00e1s ta letadla tak <a href=\"https:\/\/vimeo.com\/202534334?outro=1&amp;ref=fb-share\">bav\u00ed\u00ed\u00ed<\/a>.<\/p>\n<hr \/>\n<p><strong><span style=\"text-decoration: underline\">\u010cTVRTEK<\/span><\/strong><\/p>\n<p><img loading=\"lazy\" decoding=\"async\" class=\"alignleft size-thumbnail wp-image-21349\" src=\"https:\/\/mlz.frystacko.cz\/wp-uploads\/2017\/07\/IMG_7449_res30-100x75.jpg\" alt=\"\" width=\"100\" height=\"75\" srcset=\"https:\/\/mlz.frystacko.cz\/wp-uploads\/2017\/07\/IMG_7449_res30-100x75.jpg 100w, https:\/\/mlz.frystacko.cz\/wp-uploads\/2017\/07\/IMG_7449_res30-267x200.jpg 267w, https:\/\/mlz.frystacko.cz\/wp-uploads\/2017\/07\/IMG_7449_res30-768x576.jpg 768w, https:\/\/mlz.frystacko.cz\/wp-uploads\/2017\/07\/IMG_7449_res30-1024x768.jpg 1024w, https:\/\/mlz.frystacko.cz\/wp-uploads\/2017\/07\/IMG_7449_res30.jpg 1383w\" sizes=\"auto, (max-width: 100px) 100vw, 100px\" \/>Na ve\u010der v\u0161e uklidnil v\u00edtr, teplota klesla na p\u0159ijatelnou teplotu a od p\u00e1t\u00e9 hodiny se to zase za\u010dalo sj\u00ed\u017ed\u011bt. V\u011btron\u011b, akrobaty, dnes i <a href=\"https:\/\/www.youtube.com\/watch?v=8oVmCmWhNzU\">RC auto<\/a> &#8230;. i sokoln\u00edk. Honza si s ORLOU u\u017e\u00edval termiku a pomal\u00e9 pr\u016flety pro nato\u010den\u00ed <a href=\"https:\/\/www.youtube.com\/watch?v=-eHcvBig4rY\">videa<\/a>, Petr drandil s akrobatem i <a href=\"https:\/\/www.youtube.com\/watch?v=BeE-qX5tm7k\">Vikingem<\/a>, Jirka s Egem, &#8222;ten nov\u00fd\u00a0&#8211; j\u00e1 jsem se nezeptal na jm\u00e9no \ud83d\ude42 &#8220; op\u011bt se Soliusem. A j\u00e1 jsem poletoval s fo\u0165\u00e1kem (letadla z\u016fstala doma). Dnes \u017dRALY MUCHY a jin\u00ed krve\u017e\u00edzniv\u00ed CHMYZ\u00c1CI. Jirka krv\u00e1cel na p\u0159edlokt\u00ed. Z r\u00e1ny vytahoval \u017eihadlo. Spokojenost a nad\u0161en\u00ed z po\u010das\u00ed a l\u00e9t\u00e1n\u00ed p\u0159evl\u00e1dalo nad hladem a \u017e\u00edzn\u00ed. Kolem osm\u00e9 jsme se pozvoln\u011b za\u010dali rozpou\u0161t\u011bt.<\/p>\n<p>Tak co z\u00edtra? Sejdeme se kolem p\u00e1t\u00e9?<\/p>\n<p><em>(letadlo m\u00e1m nalo\u017een\u00e9 v aut\u011b a baterky nabit\u00e9 &#8211; tak u\u017e jen to po\u010das\u00ed, te\u010f je 11.04hod p\u00e1tek a obloha se tv\u00e1\u0159\u00ed p\u0159\u00edv\u011btiv\u011b)<\/em><\/p>\n<p>&nbsp;<\/p>\n","protected":false},"excerpt":{"rendered":"<p>Pond\u011bln\u00ed podve\u010der pokra\u010doval v duchu p\u0159edchoz\u00edch dn\u016f. L\u00e9talo se a v\u0161em to d\u011blalo radost.<\/p>\n","protected":false},"author":13,"featured_media":0,"comment_status":"open","ping_status":"closed","sticky":false,"template":"","format":"standard","meta":{"footnotes":""},"categories":[18],"tags":[],"class_list":["post-21198","post","type-post","status-publish","format-standard","hentry","category-provoz-na-letisti"],"_links":{"self":[{"href":"https:\/\/mlz.frystacko.cz\/index.php?rest_route=\/wp\/v2\/posts\/21198","targetHints":{"allow":["GET"]}}],"collection":[{"href":"https:\/\/mlz.frystacko.cz\/index.php?rest_route=\/wp\/v2\/posts"}],"about":[{"href":"https:\/\/mlz.frystacko.cz\/index.php?rest_route=\/wp\/v2\/types\/post"}],"author":[{"embeddable":true,"href":"https:\/\/mlz.frystacko.cz\/index.php?rest_route=\/wp\/v2\/users\/13"}],"replies":[{"embeddable":true,"href":"https:\/\/mlz.frystacko.cz\/index.php?rest_route=%2Fwp%2Fv2%2Fcomments&post=21198"}],"version-history":[{"count":28,"href":"https:\/\/mlz.frystacko.cz\/index.php?rest_route=\/wp\/v2\/posts\/21198\/revisions"}],"predecessor-version":[{"id":21357,"href":"https:\/\/mlz.frystacko.cz\/index.php?rest_route=\/wp\/v2\/posts\/21198\/revisions\/21357"}],"wp:attachment":[{"href":"https:\/\/mlz.frystacko.cz\/index.php?rest_route=%2Fwp%2Fv2%2Fmedia&parent=21198"}],"wp:term":[{"taxonomy":"category","embeddable":true,"href":"https:\/\/mlz.frystacko.cz\/index.php?rest_route=%2Fwp%2Fv2%2Fcategories&post=21198"},{"taxonomy":"post_tag","embeddable":true,"href":"https:\/\/mlz.frystacko.cz\/index.php?rest_route=%2Fwp%2Fv2%2Ftags&post=21198"}],"curies":[{"name":"wp","href":"https:\/\/api.w.org\/{rel}","templated":true}]}}