{"id":21817,"date":"2017-08-09T23:25:45","date_gmt":"2017-08-09T21:25:45","guid":{"rendered":"https:\/\/mlz.frystacko.cz\/?p=21817"},"modified":"2017-08-11T09:31:22","modified_gmt":"2017-08-11T07:31:22","slug":"su-26-zalet-a-spousta-dalsi-zabavy","status":"publish","type":"post","link":"https:\/\/mlz.frystacko.cz\/?p=21817","title":{"rendered":"Su-26 z\u00e1let &#8230; a spousta dal\u0161\u00ed z\u00e1bavy"},"content":{"rendered":"<p><img loading=\"lazy\" decoding=\"async\" class=\"alignleft size-thumbnail wp-image-21821\" src=\"https:\/\/mlz.frystacko.cz\/wp-uploads\/2017\/08\/2017_0809_190624_009_res30-100x75.jpg\" alt=\"\" width=\"100\" height=\"75\" srcset=\"https:\/\/mlz.frystacko.cz\/wp-uploads\/2017\/08\/2017_0809_190624_009_res30-100x75.jpg 100w, https:\/\/mlz.frystacko.cz\/wp-uploads\/2017\/08\/2017_0809_190624_009_res30-267x200.jpg 267w, https:\/\/mlz.frystacko.cz\/wp-uploads\/2017\/08\/2017_0809_190624_009_res30-768x576.jpg 768w, https:\/\/mlz.frystacko.cz\/wp-uploads\/2017\/08\/2017_0809_190624_009_res30-1024x768.jpg 1024w, https:\/\/mlz.frystacko.cz\/wp-uploads\/2017\/08\/2017_0809_190624_009_res30.jpg 1210w\" sizes=\"auto, (max-width: 100px) 100vw, 100px\" \/>Te\u010f, te\u010f p\u0159i\u0161el ten okam\u017eik na z\u00e1let Pavlova nov\u00e9ho Su-26.<\/p>\n<p>Hmmm, po\u010das\u00ed se nechalo p\u0159emlouvat, ale z\u00e1let prob\u011bhl\u00a0 \u00daSP\u011a\u0160N\u011a<\/p>\n<p><!--more--><\/p>\n<p>S nap\u011bt\u00edm jsme o\u010dek\u00e1vali v\u010dera avizovan\u00fd z\u00e1let. Chvilku p\u0159ed Pavlem p\u0159ijel i Martin s \u010detn\u00fdm doprovodem, kter\u00fd vytvo\u0159il div\u00e1ckou kulisu. Na\u0161t\u011bst\u00ed m\u011bl Martin v aut\u011b fo\u0165\u00e1k, tak budou\u00a0p\u011bkn\u00e9 fotky (j\u00e1 dod\u00e1m fotky). Z\u00e1let prob\u011bhl na jedni\u010dku, div\u00e1ci nad\u0161en\u011b aplaudovali a Pavel si spokojen\u011b vydechl.<\/p>\n<p>Nebyla to jedin\u00e1 ta\u0161ka\u0159ice. Dnes jsme si v jednu chv\u00edli vytvo\u0159ili takov\u00e9ho na\u0161eho \u017eab\u00e1rensk\u00e9ho \u010dmel\u00e1ka &#8230; nene, nejedn\u00e1 se o genov\u00e9 in\u017een\u00fdrstv\u00ed. V jednu chv\u00edli jsme byli na obloze 4 v\u011btron\u011b, 2 kombaty a horkovzdu\u0161n\u00fd bal\u00f3n. Zkr\u00e1tka &#8211; v\u0161ichni jsme se bavili.<\/p>\n<p>Po p\u0159ist\u00e1n\u00ed v\u011btro\u0148\u016f (pr\u00fd jsme v\u0161ichni popadali n\u011bjak moc rychle) se Radek s Pavlem pustili s kombaty do p\u0159\u00edm\u00fdch n\u00edzk\u00fdch pr\u016flet\u016f proti sob\u011b. Pavlovi se povedlo uko\u0159istit stuhu, ale st\u00e1lo ho to p\u00e1r \u0161r\u00e1m\u016f od vrtule na k\u0159\u00eddle (letadlo z\u016fstalo letuschopn\u00e9). Semlelo se to rychle a nestihl jsem to nato\u010dit.<\/p>\n<p>Z\u00edtra m\u00e1 foukat JIH a Martin se t\u011b\u0161\u00ed na Ol\u0161inu &#8230; tak\u017ee, kdo m\u00e1 chu\u0165 a \u010das, tak pr\u00fd kolem 11.00 sraz tam, co v\u017edycky, tzn. TAM.<\/p>\n<p><span style=\"text-decoration: underline\"><strong>Videa z dne\u0161n\u00edho l\u00e9t\u00e1n\u00ed:<\/strong><\/span><\/p>\n<p>video: <a href=\"https:\/\/www.youtube.com\/watch?v=ychiU1YgXzU\">Su-26 z\u00e1let<\/a><\/p>\n<p>video: <a href=\"https:\/\/www.youtube.com\/watch?v=YpCQsEOPsfM\">Extra mx<\/a><\/p>\n<p>video: <a href=\"https:\/\/www.youtube.com\/watch?v=KB3zDL9z3Bk\">Laguny na start<\/a><\/p>\n<p>video: <a href=\"https:\/\/www.youtube.com\/watch?v=br_LNw6gZGw\">ION na start<\/a><\/p>\n<p>video: <a href=\"https:\/\/www.youtube.com\/watch?v=I_5QKMFlrt0\">kombaty &#8211; pr\u016flet<\/a><\/p>\n","protected":false},"excerpt":{"rendered":"<p>Te\u010f, te\u010f p\u0159i\u0161el ten okam\u017eik na z\u00e1let Pavlova nov\u00e9ho Su-26. Hmmm, po\u010das\u00ed se nechalo p\u0159emlouvat, ale z\u00e1let prob\u011bhl\u00a0 \u00daSP\u011a\u0160N\u011a<\/p>\n","protected":false},"author":13,"featured_media":0,"comment_status":"open","ping_status":"closed","sticky":false,"template":"","format":"standard","meta":{"footnotes":""},"categories":[18],"tags":[],"class_list":["post-21817","post","type-post","status-publish","format-standard","hentry","category-provoz-na-letisti"],"_links":{"self":[{"href":"https:\/\/mlz.frystacko.cz\/index.php?rest_route=\/wp\/v2\/posts\/21817","targetHints":{"allow":["GET"]}}],"collection":[{"href":"https:\/\/mlz.frystacko.cz\/index.php?rest_route=\/wp\/v2\/posts"}],"about":[{"href":"https:\/\/mlz.frystacko.cz\/index.php?rest_route=\/wp\/v2\/types\/post"}],"author":[{"embeddable":true,"href":"https:\/\/mlz.frystacko.cz\/index.php?rest_route=\/wp\/v2\/users\/13"}],"replies":[{"embeddable":true,"href":"https:\/\/mlz.frystacko.cz\/index.php?rest_route=%2Fwp%2Fv2%2Fcomments&post=21817"}],"version-history":[{"count":18,"href":"https:\/\/mlz.frystacko.cz\/index.php?rest_route=\/wp\/v2\/posts\/21817\/revisions"}],"predecessor-version":[{"id":21886,"href":"https:\/\/mlz.frystacko.cz\/index.php?rest_route=\/wp\/v2\/posts\/21817\/revisions\/21886"}],"wp:attachment":[{"href":"https:\/\/mlz.frystacko.cz\/index.php?rest_route=%2Fwp%2Fv2%2Fmedia&parent=21817"}],"wp:term":[{"taxonomy":"category","embeddable":true,"href":"https:\/\/mlz.frystacko.cz\/index.php?rest_route=%2Fwp%2Fv2%2Fcategories&post=21817"},{"taxonomy":"post_tag","embeddable":true,"href":"https:\/\/mlz.frystacko.cz\/index.php?rest_route=%2Fwp%2Fv2%2Ftags&post=21817"}],"curies":[{"name":"wp","href":"https:\/\/api.w.org\/{rel}","templated":true}]}}