{"id":22003,"date":"2017-08-24T10:10:41","date_gmt":"2017-08-24T08:10:41","guid":{"rendered":"https:\/\/mlz.frystacko.cz\/?p=22003"},"modified":"2017-08-24T14:33:04","modified_gmt":"2017-08-24T12:33:04","slug":"pod-kridly-solan","status":"publish","type":"post","link":"https:\/\/mlz.frystacko.cz\/?p=22003","title":{"rendered":"Pod k\u0159\u00eddly ,,Sol\u00e1\u0148\u201c"},"content":{"rendered":"<p><img loading=\"lazy\" decoding=\"async\" class=\"alignleft size-thumbnail wp-image-22013\" src=\"https:\/\/mlz.frystacko.cz\/wp-uploads\/2017\/08\/2017_0823_121422_003_res30-100x75.jpg\" alt=\"\" width=\"100\" height=\"75\" srcset=\"https:\/\/mlz.frystacko.cz\/wp-uploads\/2017\/08\/2017_0823_121422_003_res30-100x75.jpg 100w, https:\/\/mlz.frystacko.cz\/wp-uploads\/2017\/08\/2017_0823_121422_003_res30-267x200.jpg 267w, https:\/\/mlz.frystacko.cz\/wp-uploads\/2017\/08\/2017_0823_121422_003_res30-768x576.jpg 768w, https:\/\/mlz.frystacko.cz\/wp-uploads\/2017\/08\/2017_0823_121422_003_res30-1024x768.jpg 1024w, https:\/\/mlz.frystacko.cz\/wp-uploads\/2017\/08\/2017_0823_121422_003_res30.jpg 1210w\" sizes=\"auto, (max-width: 100px) 100vw, 100px\" \/>Jak se l\u00e9t\u00e1 ve v\u00fd\u0161ce &gt;1000m.n.? Snadno, kdy\u017e se startuje z 860m.n.<\/p>\n<p><!--more-->Dopoledne bylo zamra\u010deno, ob\u010das i p\u00e1r kapek spadlo, ale kdy\u017e jsem se kolem poledne dostal na kopec, tak u\u017e se mraky trhaly a byla vid\u011bt i modr\u00e1 obloha. A hlavn\u011b, nepr\u0161elo.<\/p>\n<p>Na vrcholu kopce je na jedn\u00e9 stran\u011b louka, kterou jsem vyu\u017eil pro start i p\u0159ist\u00e1n\u00ed a na druh\u00e9 stran\u011b je sjezdovka. Asi \u017ee je srpen, tak mimo provoz.<\/p>\n<p>Foukalo to odev\u0161ad (ka\u017ed\u00e9 \u00fadol\u00ed m\u00e1 sv\u016fj v\u00edtr a na kopci se to potkalo). Dva sm\u011bry v\u011btru byly nejv\u00fdrazn\u011bj\u0161\u00ed a tak jsem si vybral ten nejsiln\u011bj\u0161\u00ed a proti n\u011bmu startoval i p\u0159ist\u00e1val. Na p\u0159ist\u00e1n\u00ed to zrovna vy\u0161lo, \u017ee jsem m\u011bl po sm\u011bru p\u0159ist\u00e1n\u00ed kus voln\u00e9 louky a p\u0159ist\u00e1val jsem skoro po vrstevnici. Jen p\u0159i prvn\u00edm p\u0159ist\u00e1n\u00ed m\u011b to t\u011bsn\u011b nad zem\u00ed fouknut\u00edm nadzvedlo a n\u00e1sledn\u011b to \u0161lo ku\u017eelem k zemi. Vylet\u011blo trochu hl\u00edny a kamera z dr\u017e\u00e1ku na kabin\u011b. \u017d\u00e1dn\u00e1 \u0161koda &#8211; tak v\u00fdm\u011bna baterky a znovu.<\/p>\n<p>Jestli tou dobou bylo ve Zl\u00edn\u011b vedro, tak na kopci bylo \u010derstvo. Dopoledne kolem 8\u00b0C a v poledne 12\u00b0-15\u00b0C. Tak\u017ee bunda a\u00a0cyklo rukavice se n\u00e1ramn\u011b hodily.<\/p>\n<p>N\u011bkter\u00e9 proch\u00e1ziv\u0161\u00ed turisty letadlo zaujalo natolik, \u017ee si fotili pr\u016flety a dali se i do \u0159e\u010di. P\u0159\u00edpadn\u011b cht\u011bli vyfotit. Tak m\u011bli zpest\u0159en\u00ed v\u00fdletu.<\/p>\n<p>video: <a href=\"https:\/\/www.youtube.com\/watch?v=Jyayw70kZQw\">Pod k\u0159\u00eddly ,,Sol\u00e1\u0148&#8220; RC glider SIRIUS SJCAM SJ5000X Elite &#8211; part.1 <\/a><\/p>\n<p>video: <a href=\"https:\/\/www.youtube.com\/watch?v=rPWGu6pAMNE\">Pod k\u0159\u00eddly ,,Sol\u00e1\u0148&#8220; RC glider SIRIUS SJCAM SJ5000X Elite &#8211; part.2<\/a><\/p>\n<p>A jakou lokalitou bude ,,Pod k\u0159\u00eddly \u2026\u201c pokra\u010dovat p\u0159\u00ed\u0161t\u011b? Kopec, p\u0159ehrada \u010di hrad?<\/p>\n<p>&#8230; to bude p\u0159ekvapen\u00ed i pro m\u011b<\/p>\n","protected":false},"excerpt":{"rendered":"<p>Jak se l\u00e9t\u00e1 ve v\u00fd\u0161ce &gt;1000m.n.? Snadno, kdy\u017e se startuje z 860m.n.<\/p>\n","protected":false},"author":13,"featured_media":0,"comment_status":"open","ping_status":"closed","sticky":false,"template":"","format":"standard","meta":{"footnotes":""},"categories":[7],"tags":[],"class_list":["post-22003","post","type-post","status-publish","format-standard","hentry","category-mimo"],"_links":{"self":[{"href":"https:\/\/mlz.frystacko.cz\/index.php?rest_route=\/wp\/v2\/posts\/22003","targetHints":{"allow":["GET"]}}],"collection":[{"href":"https:\/\/mlz.frystacko.cz\/index.php?rest_route=\/wp\/v2\/posts"}],"about":[{"href":"https:\/\/mlz.frystacko.cz\/index.php?rest_route=\/wp\/v2\/types\/post"}],"author":[{"embeddable":true,"href":"https:\/\/mlz.frystacko.cz\/index.php?rest_route=\/wp\/v2\/users\/13"}],"replies":[{"embeddable":true,"href":"https:\/\/mlz.frystacko.cz\/index.php?rest_route=%2Fwp%2Fv2%2Fcomments&post=22003"}],"version-history":[{"count":7,"href":"https:\/\/mlz.frystacko.cz\/index.php?rest_route=\/wp\/v2\/posts\/22003\/revisions"}],"predecessor-version":[{"id":22026,"href":"https:\/\/mlz.frystacko.cz\/index.php?rest_route=\/wp\/v2\/posts\/22003\/revisions\/22026"}],"wp:attachment":[{"href":"https:\/\/mlz.frystacko.cz\/index.php?rest_route=%2Fwp%2Fv2%2Fmedia&parent=22003"}],"wp:term":[{"taxonomy":"category","embeddable":true,"href":"https:\/\/mlz.frystacko.cz\/index.php?rest_route=%2Fwp%2Fv2%2Fcategories&post=22003"},{"taxonomy":"post_tag","embeddable":true,"href":"https:\/\/mlz.frystacko.cz\/index.php?rest_route=%2Fwp%2Fv2%2Ftags&post=22003"}],"curies":[{"name":"wp","href":"https:\/\/api.w.org\/{rel}","templated":true}]}}