{"id":22063,"date":"2017-08-27T13:40:34","date_gmt":"2017-08-27T11:40:34","guid":{"rendered":"https:\/\/mlz.frystacko.cz\/?p=22063"},"modified":"2017-08-28T07:05:12","modified_gmt":"2017-08-28T05:05:12","slug":"horni-netcice","status":"publish","type":"post","link":"https:\/\/mlz.frystacko.cz\/?p=22063","title":{"rendered":"Horn\u00ed N\u011bt\u010dice&#8230;"},"content":{"rendered":"<p><img loading=\"lazy\" decoding=\"async\" class=\"alignleft size-thumbnail wp-image-22072\" src=\"https:\/\/mlz.frystacko.cz\/wp-uploads\/2017\/08\/zm.IMG_4636-100x67.jpg\" alt=\"\" width=\"100\" height=\"67\" srcset=\"https:\/\/mlz.frystacko.cz\/wp-uploads\/2017\/08\/zm.IMG_4636-100x67.jpg 100w, https:\/\/mlz.frystacko.cz\/wp-uploads\/2017\/08\/zm.IMG_4636-300x200.jpg 300w, https:\/\/mlz.frystacko.cz\/wp-uploads\/2017\/08\/zm.IMG_4636-768x512.jpg 768w, https:\/\/mlz.frystacko.cz\/wp-uploads\/2017\/08\/zm.IMG_4636-1024x683.jpg 1024w, https:\/\/mlz.frystacko.cz\/wp-uploads\/2017\/08\/zm.IMG_4636.jpg 1200w\" sizes=\"auto, (max-width: 100px) 100vw, 100px\" \/>Zajeli sme si na v\u00fdlet. Kamar\u00e1di pr\u00fd maj\u00ed leteck\u00fd (prodlou\u017een\u00fd) v\u00edkend&#8230;. Pomalu sem si u\u017e nepamatoval, jak vypadaj\u00ed&#8230; tak to byl dobr\u00fd d\u016fvod. (st\u00e1le dob\u0159e). \ud83d\ude42<\/p>\n<p><!--more-->Po\u010das\u00ed na jedni\u010dku. Bohu\u017eel tak bylo zjevn\u011b cel\u00fd ten t\u00fdden nebo jak dlouho tam byli, tak\u017ee kdy\u017e sme se tam v sobotu p\u0159ijeli pod\u00edvat, byli v\u0161eci zalezl\u00ed v bydl\u00edkoch, spali a nel\u00e9talo nic. A v boud\u00e1ch a p\u0159\u00edv\u011bsech sed\u011blo p\u00e1r velk\u00fdch dvojplo\u0161n\u00edk\u016f &#8230;. slo\u017een\u00fdch k p\u0159eprav\u011b :-\/ P\u0159el\u00e9tan\u00ed. Definitivn\u011b. Krom jednoho dobrovoln\u00edka s akrobatem, kter\u00fd to tam chvilku proh\u00e1n\u011bl.<\/p>\n<p>N\u00e1v\u0161t\u011bvy (nebyli sme sami) teda aspo\u0148 pot\u011b\u0161il \u017eiv\u00fd <a href=\"https:\/\/youtu.be\/QaHeHObyJBo\" target=\"_blank\" rel=\"noopener\">\u010cmel\u00e1k<\/a>&#8230; k vid\u011bn\u00ed byl start v\u011btron\u011b (motor na pylonu) a jednoho UL&#8230; Ukrutn\u00fd provoz za cel\u00e9 odpoledne. Na modela\u0159inu teda prima leti\u0161t\u011b. \ud83d\ude00<\/p>\n<p>Chvilku sem tam honil Proximu s kamerkou&#8230; Jeden start ok, p\u0159i druh\u00e9m byla kamera vypl\u00e1&#8230; a to sem se obzvl\u00e1\u0161\u0165 sna\u017eil&#8230; hm&#8230; blb\u011b zapnul? Ok, znovu&#8230; P\u0159i t\u0159et\u00edm startu sem se \u0159\u00e1dn\u011b svezl v termice, ale po p\u0159ist\u00e1n\u00ed kamera zase tuh\u00e1&#8230; po p\u0159ipojen\u00ed k mobilu vysko\u010dila p\u0159\u00ed\u010dina jasn\u011b &#8230;. pln\u00e1 karta.. grrrr. V afektu sem smazal star\u0161\u00ed videa a dal je\u0161t\u011b jeden start. S drobnou obavou o potah sem p\u0159ilepil kameru na k\u0159\u00eddlo&#8230; Neupadla a potah vydr\u017eel. \ud83d\ude42<\/p>\n<p>Monika obstarala podklady pro panorama. \ud83d\ude42 Bez hang\u00e1r\u016f. Na ty mus\u00edte vysta\u010dit s pohledem z kamery. \ud83d\ude1b<\/p>\n<p><a href=\"https:\/\/mlz.frystacko.cz\/wp-uploads\/2017\/08\/20170826-Netcice-letiste-zm.jpg\" target=\"_blank\" rel=\"noopener\"><img loading=\"lazy\" decoding=\"async\" class=\"alignnone wp-image-22064 size-full\" src=\"https:\/\/mlz.frystacko.cz\/wp-uploads\/2017\/08\/20170826-Netcice-letiste-zm.jpg\" alt=\"\" width=\"8484\" height=\"800\" srcset=\"https:\/\/mlz.frystacko.cz\/wp-uploads\/2017\/08\/20170826-Netcice-letiste-zm.jpg 8484w, https:\/\/mlz.frystacko.cz\/wp-uploads\/2017\/08\/20170826-Netcice-letiste-zm-100x9.jpg 100w, https:\/\/mlz.frystacko.cz\/wp-uploads\/2017\/08\/20170826-Netcice-letiste-zm-300x28.jpg 300w, https:\/\/mlz.frystacko.cz\/wp-uploads\/2017\/08\/20170826-Netcice-letiste-zm-768x72.jpg 768w, https:\/\/mlz.frystacko.cz\/wp-uploads\/2017\/08\/20170826-Netcice-letiste-zm-1024x97.jpg 1024w\" sizes=\"auto, (max-width: 8484px) 100vw, 8484px\" \/><\/a><\/p>\n<p>Je z tama zase trochu jin\u00fd v\u00fdhled na Host\u00fdnky ne\u017e od n\u00e1s. \ud83d\ude42 Leti\u0161\u0165\u011b je na m\u00edrn\u00e9m kopci, tak\u017ee i v\u00fdhled je fan. \ud83d\ude42<\/p>\n","protected":false},"excerpt":{"rendered":"<p>Zajeli sme si na v\u00fdlet. Kamar\u00e1di pr\u00fd maj\u00ed leteck\u00fd (prodlou\u017een\u00fd) v\u00edkend&#8230;. Pomalu sem si u\u017e nepamatoval, jak vypadaj\u00ed&#8230; tak to byl dobr\u00fd d\u016fvod. (st\u00e1le dob\u0159e). \ud83d\ude42<\/p>\n","protected":false},"author":3,"featured_media":0,"comment_status":"open","ping_status":"closed","sticky":false,"template":"","format":"standard","meta":{"footnotes":""},"categories":[23],"tags":[],"class_list":["post-22063","post","type-post","status-publish","format-standard","hentry","category-poletovani-jinde"],"_links":{"self":[{"href":"https:\/\/mlz.frystacko.cz\/index.php?rest_route=\/wp\/v2\/posts\/22063","targetHints":{"allow":["GET"]}}],"collection":[{"href":"https:\/\/mlz.frystacko.cz\/index.php?rest_route=\/wp\/v2\/posts"}],"about":[{"href":"https:\/\/mlz.frystacko.cz\/index.php?rest_route=\/wp\/v2\/types\/post"}],"author":[{"embeddable":true,"href":"https:\/\/mlz.frystacko.cz\/index.php?rest_route=\/wp\/v2\/users\/3"}],"replies":[{"embeddable":true,"href":"https:\/\/mlz.frystacko.cz\/index.php?rest_route=%2Fwp%2Fv2%2Fcomments&post=22063"}],"version-history":[{"count":8,"href":"https:\/\/mlz.frystacko.cz\/index.php?rest_route=\/wp\/v2\/posts\/22063\/revisions"}],"predecessor-version":[{"id":22105,"href":"https:\/\/mlz.frystacko.cz\/index.php?rest_route=\/wp\/v2\/posts\/22063\/revisions\/22105"}],"wp:attachment":[{"href":"https:\/\/mlz.frystacko.cz\/index.php?rest_route=%2Fwp%2Fv2%2Fmedia&parent=22063"}],"wp:term":[{"taxonomy":"category","embeddable":true,"href":"https:\/\/mlz.frystacko.cz\/index.php?rest_route=%2Fwp%2Fv2%2Fcategories&post=22063"},{"taxonomy":"post_tag","embeddable":true,"href":"https:\/\/mlz.frystacko.cz\/index.php?rest_route=%2Fwp%2Fv2%2Ftags&post=22063"}],"curies":[{"name":"wp","href":"https:\/\/api.w.org\/{rel}","templated":true}]}}