{"id":22418,"date":"2017-09-11T12:16:16","date_gmt":"2017-09-11T10:16:16","guid":{"rendered":"https:\/\/mlz.frystacko.cz\/?p=22418"},"modified":"2017-09-11T12:16:16","modified_gmt":"2017-09-11T10:16:16","slug":"olsina-37","status":"publish","type":"post","link":"https:\/\/mlz.frystacko.cz\/?p=22418","title":{"rendered":"Ol\u0161ina"},"content":{"rendered":"<p><img loading=\"lazy\" decoding=\"async\" class=\"alignleft size-thumbnail wp-image-22495\" src=\"https:\/\/mlz.frystacko.cz\/wp-uploads\/2017\/09\/zm.IMG_5557-100x67.jpg\" alt=\"\" width=\"100\" height=\"67\" srcset=\"https:\/\/mlz.frystacko.cz\/wp-uploads\/2017\/09\/zm.IMG_5557-100x67.jpg 100w, https:\/\/mlz.frystacko.cz\/wp-uploads\/2017\/09\/zm.IMG_5557-300x200.jpg 300w, https:\/\/mlz.frystacko.cz\/wp-uploads\/2017\/09\/zm.IMG_5557-768x512.jpg 768w, https:\/\/mlz.frystacko.cz\/wp-uploads\/2017\/09\/zm.IMG_5557-1024x683.jpg 1024w, https:\/\/mlz.frystacko.cz\/wp-uploads\/2017\/09\/zm.IMG_5557.jpg 1200w\" sizes=\"auto, (max-width: 100px) 100vw, 100px\" \/>A zase jednou bylo tuze hezky, ji\u017e\u00e1\u010dek, 10m\/s nebylo v\u00fdjimkou, zat\u00edm je\u0161t\u011b po\u0159\u00e1d teplou\u010dko&#8230;. par\u00e1da.<\/p>\n<p><!--more-->Obeslal sem p\u00e1r lid\u00ed, o n\u011bco men\u0161\u00ed p\u00e1r mi odpov\u011bd\u011blo&#8230; ale s\u00e1m jsem nebyl. Zdra\u017eilom ode\u0161ly cifry a dozv\u011bd\u011bl sem se, kone\u010dn\u011b, \u017ee u\u017e jedou, m\u00edsto obvykl\u00e9ho sp\u00edl\u00e1n\u00ed-mi v b\u00edd\u00e1ky a podobn\u00e9. \ud83d\ude42<\/p>\n<p>Byl sem tam p\u0159ed polednem a u\u017e bylo hezky&#8230;.\u00a0 n\u011bkde mezi 8-12m\/s , chv\u00edlama v\u00edc, m\u00edrn\u011b z v\u00fdchodu&#8230;. dnes to bude bez pytl\u00edk\u00e1\u0159\u016f&#8230;. alespo\u0148 t\u011bch soudn\u00fdch. \ud83d\ude42 Mr\u00e1\u010dky, slunko, termika&#8230;. pt\u00e1ci l\u00e9tali jak div\u00ed (tolik k pov\u011br\u00e1m). L\u00e9talo to par\u00e1dn\u011b, nabrat v\u00fd\u0161ku netrvalo dlouho a pak ji vym\u011bnit za rychlost bylo je\u0161t\u011b jdnodu\u0161\u0161\u00ed. \ud83d\ude42 S p\u0159ich\u00e1zej\u00edc\u00edm ve\u010derm to zesl\u00e1blo jen m\u00edrn\u011b, ubylo termiky a vzduch byl jednodu\u0161\u0161\u00ed.<\/p>\n<p>Zdra\u017eilovci p\u0159inesli krom\u011b ryby a Skywalkera i to divn\u011b zgr\u010den\u00e9 samok\u0159\u00eddlo, co <a href=\"https:\/\/mlz.frystacko.cz\/?p=20046\" target=\"_blank\" rel=\"noopener\">p\u0159edvedli<\/a> na ja\u0159e na Chom\u00fd\u017eu (a od t\u00e9 doby sem je snad l\u00e9tat nevid\u011bl) a vesele to st\u0159\u00eddali. \ud83d\ude42 Pozd\u011bj Milan s Karlem p\u0159itla\u010dili svoje Vojt\u00ed\u0161koviny. Jako bonus se uk\u00e1zal cyklista, ze kter\u00e9ho se vyklubal do\u010dasn\u011b nel\u00e9taj\u00edc\u00ed tvor. (krom chuti mu chyb\u00ed baterky do r\u00e1dia &#8230;. u\u017e se na tom pracuje) Ve\u010der, kdy\u017e u\u017e se to trochu srovnalo p\u0159i\u0161el je\u0161t\u011b Zde\u0148a s mlad\u00fdm &#8230; prima.<\/p>\n<p>L\u00e9talo se vesele, na svahu p\u0159evl\u00e1dala pohoda, ve vzduchu bylo m\u00edsto pro v\u00edc stroj\u016f najednou&#8230; kdo jen trochu cht\u011bl, pol\u00e9tal dostate\u010dn\u011b. \ud83d\ude42 &#8230; A aj na trnce pod kopcem bylo je\u0161t\u011b n\u011bco k okous\u00e1n\u00ed. <img src=\"https:\/\/mlz.frystacko.cz\/wp-includes\/images\/smilies\/mrgreen.png\" alt=\":mrgreen:\" class=\"wp-smiley\" style=\"height: 1em; max-height: 1em;\" \/> Ch\u00e1sty na lev\u00e9 p\u016flce svahu u\u017e se pomalinku barv\u00ed&#8230;. ale t\u0159ebaje\u0161t\u011b n\u011bco vyjde. \ud83d\ude42<\/p>\n","protected":false},"excerpt":{"rendered":"<p>A zase jednou bylo tuze hezky, ji\u017e\u00e1\u010dek, 10m\/s nebylo v\u00fdjimkou, zat\u00edm je\u0161t\u011b po\u0159\u00e1d teplou\u010dko&#8230;. par\u00e1da.<\/p>\n","protected":false},"author":3,"featured_media":0,"comment_status":"open","ping_status":"closed","sticky":false,"template":"","format":"standard","meta":{"footnotes":""},"categories":[21],"tags":[],"class_list":["post-22418","post","type-post","status-publish","format-standard","hentry","category-svah"],"_links":{"self":[{"href":"https:\/\/mlz.frystacko.cz\/index.php?rest_route=\/wp\/v2\/posts\/22418","targetHints":{"allow":["GET"]}}],"collection":[{"href":"https:\/\/mlz.frystacko.cz\/index.php?rest_route=\/wp\/v2\/posts"}],"about":[{"href":"https:\/\/mlz.frystacko.cz\/index.php?rest_route=\/wp\/v2\/types\/post"}],"author":[{"embeddable":true,"href":"https:\/\/mlz.frystacko.cz\/index.php?rest_route=\/wp\/v2\/users\/3"}],"replies":[{"embeddable":true,"href":"https:\/\/mlz.frystacko.cz\/index.php?rest_route=%2Fwp%2Fv2%2Fcomments&post=22418"}],"version-history":[{"count":1,"href":"https:\/\/mlz.frystacko.cz\/index.php?rest_route=\/wp\/v2\/posts\/22418\/revisions"}],"predecessor-version":[{"id":22526,"href":"https:\/\/mlz.frystacko.cz\/index.php?rest_route=\/wp\/v2\/posts\/22418\/revisions\/22526"}],"wp:attachment":[{"href":"https:\/\/mlz.frystacko.cz\/index.php?rest_route=%2Fwp%2Fv2%2Fmedia&parent=22418"}],"wp:term":[{"taxonomy":"category","embeddable":true,"href":"https:\/\/mlz.frystacko.cz\/index.php?rest_route=%2Fwp%2Fv2%2Fcategories&post=22418"},{"taxonomy":"post_tag","embeddable":true,"href":"https:\/\/mlz.frystacko.cz\/index.php?rest_route=%2Fwp%2Fv2%2Ftags&post=22418"}],"curies":[{"name":"wp","href":"https:\/\/api.w.org\/{rel}","templated":true}]}}