{"id":22528,"date":"2017-09-11T12:48:16","date_gmt":"2017-09-11T10:48:16","guid":{"rendered":"https:\/\/mlz.frystacko.cz\/?p=22528"},"modified":"2017-09-11T12:49:26","modified_gmt":"2017-09-11T10:49:26","slug":"nedelni-odpoledne-3","status":"publish","type":"post","link":"https:\/\/mlz.frystacko.cz\/?p=22528","title":{"rendered":"Ned\u011bln\u00ed odpoledne."},"content":{"rendered":"<p><img loading=\"lazy\" decoding=\"async\" class=\"alignleft size-thumbnail wp-image-22554\" src=\"https:\/\/mlz.frystacko.cz\/wp-uploads\/2017\/09\/zm.IMG_5656-100x67.jpg\" alt=\"\" width=\"100\" height=\"67\" srcset=\"https:\/\/mlz.frystacko.cz\/wp-uploads\/2017\/09\/zm.IMG_5656-100x67.jpg 100w, https:\/\/mlz.frystacko.cz\/wp-uploads\/2017\/09\/zm.IMG_5656-300x200.jpg 300w, https:\/\/mlz.frystacko.cz\/wp-uploads\/2017\/09\/zm.IMG_5656-768x512.jpg 768w, https:\/\/mlz.frystacko.cz\/wp-uploads\/2017\/09\/zm.IMG_5656-1024x683.jpg 1024w, https:\/\/mlz.frystacko.cz\/wp-uploads\/2017\/09\/zm.IMG_5656.jpg 1200w\" sizes=\"auto, (max-width: 100px) 100vw, 100px\" \/>Lubo\u0161 mne sice zkou\u0161el ukec\u00e1vat mnohem d\u0159\u00edv, ale holt se nezada\u0159ilo, tak\u017ee a\u017e ve\u010der&#8230; no i 2 hodiny jsou dost. \ud83d\ude42 Slunko sice zapad\u00e1 &#8222;a\u017e&#8220; v p\u016fl na 8, ale mraky se postaraly o \u0161ero trochu d\u0159\u00edv.<\/p>\n<p><!--more-->I tak sme se tam slezli v po\u010dtu &#8222;celkem&#8220; hojn\u00e9m. Pol\u00e9talo se. V nep\u0159\u00edtomnosti se pomluvil Hladi\u0161&#8230; (ale nakonec se uk\u00e1zal) Pofukovalo neznateln\u011b, tak\u017ee mohli l\u00e9tat (by\u0165 s \u0159e\u010dima) v\u010dichni. \ud83d\ude42 Kone\u010dn\u011b se uk\u00e1zal zase jenou Radim. \ud83d\ude42 Rytmus d\u011blal co mohl, aby mu sta\u010dil. Na akrob\u00e1tku se mu malinko uvolnila motorov\u00e1 p\u0159ep\u00e1\u017eka, aby nevy\u0161el ze cviku&#8230;. ale u\u017e mi hl\u00e1sil, \u017ee na tom d\u011bl\u00e1. \ud83d\ude42<\/p>\n","protected":false},"excerpt":{"rendered":"<p>Lubo\u0161 mne sice zkou\u0161el ukec\u00e1vat mnohem d\u0159\u00edv, ale holt se nezada\u0159ilo, tak\u017ee a\u017e ve\u010der&#8230; no i 2 hodiny jsou dost. \ud83d\ude42 Slunko sice zapad\u00e1 &#8222;a\u017e&#8220; v p\u016fl na 8, ale mraky se postaraly o \u0161ero trochu d\u0159\u00edv.<\/p>\n","protected":false},"author":3,"featured_media":0,"comment_status":"open","ping_status":"closed","sticky":false,"template":"","format":"standard","meta":{"footnotes":""},"categories":[18],"tags":[],"class_list":["post-22528","post","type-post","status-publish","format-standard","hentry","category-provoz-na-letisti"],"_links":{"self":[{"href":"https:\/\/mlz.frystacko.cz\/index.php?rest_route=\/wp\/v2\/posts\/22528","targetHints":{"allow":["GET"]}}],"collection":[{"href":"https:\/\/mlz.frystacko.cz\/index.php?rest_route=\/wp\/v2\/posts"}],"about":[{"href":"https:\/\/mlz.frystacko.cz\/index.php?rest_route=\/wp\/v2\/types\/post"}],"author":[{"embeddable":true,"href":"https:\/\/mlz.frystacko.cz\/index.php?rest_route=\/wp\/v2\/users\/3"}],"replies":[{"embeddable":true,"href":"https:\/\/mlz.frystacko.cz\/index.php?rest_route=%2Fwp%2Fv2%2Fcomments&post=22528"}],"version-history":[{"count":3,"href":"https:\/\/mlz.frystacko.cz\/index.php?rest_route=\/wp\/v2\/posts\/22528\/revisions"}],"predecessor-version":[{"id":22557,"href":"https:\/\/mlz.frystacko.cz\/index.php?rest_route=\/wp\/v2\/posts\/22528\/revisions\/22557"}],"wp:attachment":[{"href":"https:\/\/mlz.frystacko.cz\/index.php?rest_route=%2Fwp%2Fv2%2Fmedia&parent=22528"}],"wp:term":[{"taxonomy":"category","embeddable":true,"href":"https:\/\/mlz.frystacko.cz\/index.php?rest_route=%2Fwp%2Fv2%2Fcategories&post=22528"},{"taxonomy":"post_tag","embeddable":true,"href":"https:\/\/mlz.frystacko.cz\/index.php?rest_route=%2Fwp%2Fv2%2Ftags&post=22528"}],"curies":[{"name":"wp","href":"https:\/\/api.w.org\/{rel}","templated":true}]}}