{"id":22568,"date":"2017-09-24T04:00:47","date_gmt":"2017-09-24T02:00:47","guid":{"rendered":"https:\/\/mlz.frystacko.cz\/?p=22568"},"modified":"2017-10-13T11:20:41","modified_gmt":"2017-10-13T09:20:41","slug":"pod-kridly-kromeriz","status":"publish","type":"post","link":"https:\/\/mlz.frystacko.cz\/?p=22568","title":{"rendered":"Pod k\u0159\u00eddly ,,Krom\u011b\u0159\u00ed\u017e&#8220;"},"content":{"rendered":"<p><img loading=\"lazy\" decoding=\"async\" class=\"alignleft size-thumbnail wp-image-22586\" src=\"https:\/\/mlz.frystacko.cz\/wp-uploads\/2017\/09\/2017_0830_095945_013_res30-100x75.jpg\" alt=\"\" width=\"100\" height=\"75\" srcset=\"https:\/\/mlz.frystacko.cz\/wp-uploads\/2017\/09\/2017_0830_095945_013_res30-100x75.jpg 100w, https:\/\/mlz.frystacko.cz\/wp-uploads\/2017\/09\/2017_0830_095945_013_res30-267x200.jpg 267w, https:\/\/mlz.frystacko.cz\/wp-uploads\/2017\/09\/2017_0830_095945_013_res30-768x576.jpg 768w, https:\/\/mlz.frystacko.cz\/wp-uploads\/2017\/09\/2017_0830_095945_013_res30-1024x768.jpg 1024w, https:\/\/mlz.frystacko.cz\/wp-uploads\/2017\/09\/2017_0830_095945_013_res30.jpg 1210w\" sizes=\"auto, (max-width: 100px) 100vw, 100px\" \/>Krom\u011b\u0159\u00ed\u017e samoz\u0159ejm\u011b nen\u00ed pod k\u0159\u00eddly,\u00a0 ale je na dohled objektivu kamery.<\/p>\n<p><!--more--><\/p>\n<p>P\u0159esn\u011bji by to mohlo\u00a0zn\u00edt takhle &#8230; Pod k\u0159\u00eddly ,,Model\u00e1\u0159sk\u00e1 plocha leti\u0161t\u011b v Krom\u011b\u0159\u00ed\u017ei&#8220;. Sou\u010d\u00e1st\u00ed LKKM je i plocha pro model\u00e1\u0159e. \u017de se na leti\u0161ti s modely l\u00e9t\u00e1, jsem v\u011bd\u011bl u\u017e dlouho, jen se mi neda\u0159ilo tam n\u011bkoho zastihnout.<\/p>\n<p>Byl jsem se zeptat koncem srpna na leti\u0161ti. V tu dobu tam nebyl nikdo jin\u00fd, ne\u017e oprav\u00e1\u0159i a ti mi \u0159ekli, \u017ee model\u00e1\u0159i tam l\u00e9taj\u00ed, a \u017ee to m\u00e1m zkou\u0161et je tam zastihnout p\u0159i p\u011bkn\u00e9m po\u010das\u00ed. Tak jsem to zkou\u0161el a vy\u0161lo to a\u017e dnes (18.9.), i kdy\u017e odpoledne nebylo p\u011bkn\u011b, dul vychr. M\u011bli postavenou dr\u00e1hu a l\u00e9tali s <a href=\"https:\/\/www.youtube.com\/watch?v=OlE69ESEUg8\">kopt\u00e9rama FPV<\/a>.<\/p>\n<p>Nicm\u00e9n\u011b informac\u00ed se mi dostalo jak k organizaci model\u00e1\u0159sk\u00e9 plochy, tak i k pravidl\u016fm l\u00e9t\u00e1n\u00ed v tomto exponovan\u00e9m prostoru. Se zdrav\u00fdm rozumem a chut\u00ed se domluvit, lze sou\u010dasn\u011b provozovat l\u00e9t\u00e1n\u00ed ob\u00e9 &#8211; RC i velk\u00e9.<\/p>\n<p>No a byl jsem rozhodnut\u00fd, \u017ee se vyprav\u00edm na \u017dab\u00e1rnu &#8211; za v\u00e1mi. ALE nedojel jsem. Kdy\u017e jsem p\u0159ed \u0161estou vyj\u00ed\u017ed\u011bl, tak se vychr uti\u0161il a tak jsem se rozhodl, \u017ee to prubnu tady v Krom\u011b\u0159\u00ed\u017ei a nebudu se hn\u00e1t tm\u011b vst\u0159\u00edc na \u017dab\u00e1rnu.<\/p>\n<p>Chvilku jsem pol\u00e9tal s v\u011btron\u011bm, chvilku s Bellancou. Vl\u00e1dlo tak\u0159ka bezv\u011bt\u0159\u00ed a po hodin\u011b l\u00e9t\u00e1n\u00ed, kdy\u017e jsem vyl\u00e9tal pouze 2 baterky ze 4, m\u011b k odchodu p\u0159im\u011bl pouze p\u0159ich\u00e1zej\u00edc\u00ed a neodbytn\u00fd soumrak.<\/p>\n<p>Fotky jsou tedy kombinac\u00ed dvou n\u00e1v\u0161t\u011bv na leti\u0161ti v rozp\u011bt\u00ed asi 3 t\u00fddn\u016f.<\/p>\n","protected":false},"excerpt":{"rendered":"<p>Krom\u011b\u0159\u00ed\u017e samoz\u0159ejm\u011b nen\u00ed pod k\u0159\u00eddly,\u00a0 ale je na dohled objektivu kamery.<\/p>\n","protected":false},"author":13,"featured_media":0,"comment_status":"open","ping_status":"closed","sticky":false,"template":"","format":"standard","meta":{"footnotes":""},"categories":[7],"tags":[],"class_list":["post-22568","post","type-post","status-publish","format-standard","hentry","category-mimo"],"_links":{"self":[{"href":"https:\/\/mlz.frystacko.cz\/index.php?rest_route=\/wp\/v2\/posts\/22568","targetHints":{"allow":["GET"]}}],"collection":[{"href":"https:\/\/mlz.frystacko.cz\/index.php?rest_route=\/wp\/v2\/posts"}],"about":[{"href":"https:\/\/mlz.frystacko.cz\/index.php?rest_route=\/wp\/v2\/types\/post"}],"author":[{"embeddable":true,"href":"https:\/\/mlz.frystacko.cz\/index.php?rest_route=\/wp\/v2\/users\/13"}],"replies":[{"embeddable":true,"href":"https:\/\/mlz.frystacko.cz\/index.php?rest_route=%2Fwp%2Fv2%2Fcomments&post=22568"}],"version-history":[{"count":13,"href":"https:\/\/mlz.frystacko.cz\/index.php?rest_route=\/wp\/v2\/posts\/22568\/revisions"}],"predecessor-version":[{"id":23075,"href":"https:\/\/mlz.frystacko.cz\/index.php?rest_route=\/wp\/v2\/posts\/22568\/revisions\/23075"}],"wp:attachment":[{"href":"https:\/\/mlz.frystacko.cz\/index.php?rest_route=%2Fwp%2Fv2%2Fmedia&parent=22568"}],"wp:term":[{"taxonomy":"category","embeddable":true,"href":"https:\/\/mlz.frystacko.cz\/index.php?rest_route=%2Fwp%2Fv2%2Fcategories&post=22568"},{"taxonomy":"post_tag","embeddable":true,"href":"https:\/\/mlz.frystacko.cz\/index.php?rest_route=%2Fwp%2Fv2%2Ftags&post=22568"}],"curies":[{"name":"wp","href":"https:\/\/api.w.org\/{rel}","templated":true}]}}