{"id":22618,"date":"2017-09-19T13:29:50","date_gmt":"2017-09-19T11:29:50","guid":{"rendered":"https:\/\/mlz.frystacko.cz\/?p=22618"},"modified":"2017-09-19T13:29:50","modified_gmt":"2017-09-19T11:29:50","slug":"vecerni-poletovani-7","status":"publish","type":"post","link":"https:\/\/mlz.frystacko.cz\/?p=22618","title":{"rendered":"Ve\u010dern\u00ed poletov\u00e1n\u00ed&#8230;"},"content":{"rendered":"<p><img loading=\"lazy\" decoding=\"async\" class=\"alignleft size-thumbnail wp-image-22620\" src=\"https:\/\/mlz.frystacko.cz\/wp-uploads\/2017\/09\/zm.IMG_5660-100x67.jpg\" alt=\"\" width=\"100\" height=\"67\" srcset=\"https:\/\/mlz.frystacko.cz\/wp-uploads\/2017\/09\/zm.IMG_5660-100x67.jpg 100w, https:\/\/mlz.frystacko.cz\/wp-uploads\/2017\/09\/zm.IMG_5660-300x200.jpg 300w, https:\/\/mlz.frystacko.cz\/wp-uploads\/2017\/09\/zm.IMG_5660-768x512.jpg 768w, https:\/\/mlz.frystacko.cz\/wp-uploads\/2017\/09\/zm.IMG_5660-1024x683.jpg 1024w, https:\/\/mlz.frystacko.cz\/wp-uploads\/2017\/09\/zm.IMG_5660.jpg 1200w\" sizes=\"auto, (max-width: 100px) 100vw, 100px\" \/>Pond\u011bln\u00ed po\u010das se zvrtl z divn\u00e9ho na podez\u0159ele hezk\u00fd&#8230;. se toho muselo vyu\u017e\u00edt. \ud83d\ude42<\/p>\n<p><!--more-->P\u0159ijel sem pozd\u011b.\u00a0 Z d\u00e1lky u\u017e bylo vid\u011bt &#8222;asi&#8220; Hrb\u00e1\u010dky jak tr\u00e1p\u00ed letadlo a nenechaj\u00ed ho let\u011bt chv\u00edlu rovn\u011b&#8230;. pak u\u017e bylo vid\u011bt i tu spoustu aut&#8230; \ud83d\ude00<\/p>\n<p>Bylo hezky. Nefoukalo, slunko aj chv\u00edlu sv\u00edtilo, co\u017e po propr\u0161en\u00e9m v\u00edkendu pot\u011b\u0161ilo. Vzal sem Cessni\u010dku, \u017ee bych zkusil novou (ehm&#8230; od jara) sadu baterek&#8230;. a Proximu, kdyby nebyly podm\u00ednky na mal\u00e9 kole\u010dka&#8230;. Nab\u00edjel sem baterky do cessny za j\u00edzdy, ale Proximu by v nouzi ut\u00e1hly taky.<\/p>\n<p>Radek ve \u010dtvrtek posekl a tr\u00e1va u\u017e tak moc neporostla, tak\u017ee plocha byla n\u00e1dhern\u00e1&#8230;. dal sem 1 start, bo sem p\u0159ijel pozd\u011b \ud83d\ude42 , nem\u011bl nabito a dal\u0161\u00ed sadu baterek u\u017e bych stejn\u011b nestihl. \ud83d\ude42 Jinak ale poletovalo kde co a podle v\u0161eho u\u017e mnohem d\u0159\u00edv.<\/p>\n<p>Bohu\u017eel slunko zapad\u00e1, svi\u0148a, u\u017e brzo a t\u011bsn\u011b nad obzorem u\u017e ani tak neh\u0159eje&#8230; pomalu se bl\u00ed\u017e\u00ed \u010das tlust\u00fdch pono\u017eek, rukavic, termosky s \u010dajem&#8230;. a i p\u0159es to k\u0159ehnouc\u00edch prst\u016f. :-\/ Bu\u010fme r\u00e1di za ka\u017ed\u00fd den jako ten dne\u0161n\u00ed.\u00a0 \ud83d\ude42<\/p>\n","protected":false},"excerpt":{"rendered":"<p>Pond\u011bln\u00ed po\u010das se zvrtl z divn\u00e9ho na podez\u0159ele hezk\u00fd&#8230;. se toho muselo vyu\u017e\u00edt. \ud83d\ude42<\/p>\n","protected":false},"author":3,"featured_media":0,"comment_status":"open","ping_status":"closed","sticky":false,"template":"","format":"standard","meta":{"footnotes":""},"categories":[18],"tags":[],"class_list":["post-22618","post","type-post","status-publish","format-standard","hentry","category-provoz-na-letisti"],"_links":{"self":[{"href":"https:\/\/mlz.frystacko.cz\/index.php?rest_route=\/wp\/v2\/posts\/22618","targetHints":{"allow":["GET"]}}],"collection":[{"href":"https:\/\/mlz.frystacko.cz\/index.php?rest_route=\/wp\/v2\/posts"}],"about":[{"href":"https:\/\/mlz.frystacko.cz\/index.php?rest_route=\/wp\/v2\/types\/post"}],"author":[{"embeddable":true,"href":"https:\/\/mlz.frystacko.cz\/index.php?rest_route=\/wp\/v2\/users\/3"}],"replies":[{"embeddable":true,"href":"https:\/\/mlz.frystacko.cz\/index.php?rest_route=%2Fwp%2Fv2%2Fcomments&post=22618"}],"version-history":[{"count":1,"href":"https:\/\/mlz.frystacko.cz\/index.php?rest_route=\/wp\/v2\/posts\/22618\/revisions"}],"predecessor-version":[{"id":22645,"href":"https:\/\/mlz.frystacko.cz\/index.php?rest_route=\/wp\/v2\/posts\/22618\/revisions\/22645"}],"wp:attachment":[{"href":"https:\/\/mlz.frystacko.cz\/index.php?rest_route=%2Fwp%2Fv2%2Fmedia&parent=22618"}],"wp:term":[{"taxonomy":"category","embeddable":true,"href":"https:\/\/mlz.frystacko.cz\/index.php?rest_route=%2Fwp%2Fv2%2Fcategories&post=22618"},{"taxonomy":"post_tag","embeddable":true,"href":"https:\/\/mlz.frystacko.cz\/index.php?rest_route=%2Fwp%2Fv2%2Ftags&post=22618"}],"curies":[{"name":"wp","href":"https:\/\/api.w.org\/{rel}","templated":true}]}}