{"id":22646,"date":"2017-09-25T19:23:58","date_gmt":"2017-09-25T17:23:58","guid":{"rendered":"https:\/\/mlz.frystacko.cz\/?p=22646"},"modified":"2017-10-08T19:04:48","modified_gmt":"2017-10-08T17:04:48","slug":"burtparty","status":"publish","type":"post","link":"https:\/\/mlz.frystacko.cz\/?p=22646","title":{"rendered":"Bu\u0159tp\u00e1rty&#8230;?"},"content":{"rendered":"<p><img loading=\"lazy\" decoding=\"async\" class=\"alignleft wp-image-5782 size-thumbnail\" src=\"https:\/\/mlz.frystacko.cz\/wp-uploads\/2013\/09\/IMG_9516-100x67.jpg\" alt=\"\" width=\"100\" height=\"67\" srcset=\"https:\/\/mlz.frystacko.cz\/wp-uploads\/2013\/09\/IMG_9516-100x67.jpg 100w, https:\/\/mlz.frystacko.cz\/wp-uploads\/2013\/09\/IMG_9516-300x200.jpg 300w, https:\/\/mlz.frystacko.cz\/wp-uploads\/2013\/09\/IMG_9516-768x512.jpg 768w, https:\/\/mlz.frystacko.cz\/wp-uploads\/2013\/09\/IMG_9516-1024x683.jpg 1024w, https:\/\/mlz.frystacko.cz\/wp-uploads\/2013\/09\/IMG_9516.jpg 1200w\" sizes=\"auto, (max-width: 100px) 100vw, 100px\" \/>No&#8230; rok se n\u00e1m pomalu ch\u00fdl\u00ed ke konci, my letos zvl\u00e1dli jen jednu bu\u0159tp\u00e1rty a n\u011bkter\u00fdm to p\u0159ijde m\u00e1lo&#8230;. tak pr\u00fd p\u0159\u00ed\u0161t\u00ed sobotu. (7.10)<\/p>\n<p><!--more-->Snaha bude zajistit topeni\u0161t\u011b, bo Jirka Pavl\u00edk je posledn\u00ed dbou h\u016f\u0159 dostupn\u00fd (ale je\u0161t\u011b nebylo \u0159e\u010deno, \u017ee ne. Pokud se potvrd\u00ed, \u017ee \u017eije, oprav\u00edm to tu. \ud83d\ude42 Jinak bude \u0159e\u0161ena n\u00e1hrada. )<\/p>\n<p>Honza gul\u00e1\u0161 sl\u00edbil, tak\u017ee Gul\u00e1\u0161bezbu\u0159tp\u00e1rty by asi taky \u0161la, kdyby bylo h\u016f\u0159 \ud83d\ude00<\/p>\n<p>Jedin\u00e9, co se ned\u00e1 sl\u00edbit, je po\u010das. Tak\u017ee pokud by v tu dobu m\u011blo b\u00fdt n\u011bjak ukrutn\u011b hnusn\u011b, bude to zde v\u00fdslovn\u011b uvedeno&#8230;.<\/p>\n<p>Kdo kdy p\u0159ijde rad\u011bji nep\u00ed\u0161u. Posledn\u011b &#8222;brzo&#8220; r\u00e1no p\u0159i\u0161lo v\u00edc p\u0159espoln\u00edch jak m\u00edstn\u00edch. \ud83d\ude00 B\u00fdvalo zvykem ps\u00e1t n\u011bco mezi 9-10 s t\u00edm, \u017ee bu\u0159t b\u00fdv\u00e1 pozd\u011bj a lidi stejn\u011b p\u0159i\u0161li kdy je napadlo. \ud83d\ude42 Nejsp\u00ed\u0161 to bude podobn\u00e9.<\/p>\n<p>Letadla si bere ka\u017ed\u00fd vlastn\u00ed, jako obvykle, dle po\u010das\u00ed a aktu\u00e1ln\u00ed odvahy. \ud83d\ude42 Easystara\/Egeho s u\u010ditelo\u017e\u00e1kem na vy\u017e\u00e1d\u00e1n\u00ed p\u0159ivezu&#8230; nebo aspo\u0148 nachyst\u00e1m.<\/p>\n","protected":false},"excerpt":{"rendered":"<p>No&#8230; rok se n\u00e1m pomalu ch\u00fdl\u00ed ke konci, my letos zvl\u00e1dli jen jednu bu\u0159tp\u00e1rty a n\u011bkter\u00fdm to p\u0159ijde m\u00e1lo&#8230;. tak pr\u00fd p\u0159\u00ed\u0161t\u00ed sobotu. (7.10)<\/p>\n","protected":false},"author":3,"featured_media":0,"comment_status":"open","ping_status":"closed","sticky":false,"template":"","format":"standard","meta":{"footnotes":""},"categories":[15],"tags":[],"class_list":["post-22646","post","type-post","status-publish","format-standard","hentry","category-domluva-na-letani"],"_links":{"self":[{"href":"https:\/\/mlz.frystacko.cz\/index.php?rest_route=\/wp\/v2\/posts\/22646","targetHints":{"allow":["GET"]}}],"collection":[{"href":"https:\/\/mlz.frystacko.cz\/index.php?rest_route=\/wp\/v2\/posts"}],"about":[{"href":"https:\/\/mlz.frystacko.cz\/index.php?rest_route=\/wp\/v2\/types\/post"}],"author":[{"embeddable":true,"href":"https:\/\/mlz.frystacko.cz\/index.php?rest_route=\/wp\/v2\/users\/3"}],"replies":[{"embeddable":true,"href":"https:\/\/mlz.frystacko.cz\/index.php?rest_route=%2Fwp%2Fv2%2Fcomments&post=22646"}],"version-history":[{"count":1,"href":"https:\/\/mlz.frystacko.cz\/index.php?rest_route=\/wp\/v2\/posts\/22646\/revisions"}],"predecessor-version":[{"id":22647,"href":"https:\/\/mlz.frystacko.cz\/index.php?rest_route=\/wp\/v2\/posts\/22646\/revisions\/22647"}],"wp:attachment":[{"href":"https:\/\/mlz.frystacko.cz\/index.php?rest_route=%2Fwp%2Fv2%2Fmedia&parent=22646"}],"wp:term":[{"taxonomy":"category","embeddable":true,"href":"https:\/\/mlz.frystacko.cz\/index.php?rest_route=%2Fwp%2Fv2%2Fcategories&post=22646"},{"taxonomy":"post_tag","embeddable":true,"href":"https:\/\/mlz.frystacko.cz\/index.php?rest_route=%2Fwp%2Fv2%2Ftags&post=22646"}],"curies":[{"name":"wp","href":"https:\/\/api.w.org\/{rel}","templated":true}]}}