{"id":23175,"date":"2017-11-23T11:00:30","date_gmt":"2017-11-23T10:00:30","guid":{"rendered":"https:\/\/mlz.frystacko.cz\/?p=23175"},"modified":"2018-08-15T23:45:27","modified_gmt":"2018-08-15T21:45:27","slug":"pod-kridly-naklo-vodni-plocha","status":"publish","type":"post","link":"https:\/\/mlz.frystacko.cz\/?p=23175","title":{"rendered":"Pod k\u0159\u00eddly ,,N\u00e1klo &#8211; vodn\u00ed plocha&#8220;"},"content":{"rendered":"<p><img loading=\"lazy\" decoding=\"async\" class=\"alignleft size-thumbnail wp-image-23190\" src=\"https:\/\/mlz.frystacko.cz\/wp-uploads\/2017\/10\/2017_1019_130521_022_res-100x75.jpg\" alt=\"\" width=\"100\" height=\"75\" srcset=\"https:\/\/mlz.frystacko.cz\/wp-uploads\/2017\/10\/2017_1019_130521_022_res-100x75.jpg 100w, https:\/\/mlz.frystacko.cz\/wp-uploads\/2017\/10\/2017_1019_130521_022_res-267x200.jpg 267w, https:\/\/mlz.frystacko.cz\/wp-uploads\/2017\/10\/2017_1019_130521_022_res-768x576.jpg 768w, https:\/\/mlz.frystacko.cz\/wp-uploads\/2017\/10\/2017_1019_130521_022_res-1024x768.jpg 1024w, https:\/\/mlz.frystacko.cz\/wp-uploads\/2017\/10\/2017_1019_130521_022_res.jpg 1210w\" sizes=\"auto, (max-width: 100px) 100vw, 100px\" \/>V druh\u00e9 polovin\u011b \u0159\u00edjna to \u010dlov\u011bk \u00fapln\u011b neocen\u00ed, ale je to zaj\u00edmav\u00e9 m\u00edsto ke koup\u00e1n\u00ed na trase Litovel &#8211; Olomouc.<\/p>\n<p><!--more--><\/p>\n<p>Prob\u00edh\u00e1 zde st\u00e1le t\u011b\u017eba p\u00edsku, nicm\u00e9n\u011b koup\u00e1n\u00ed je povoleno na vymezen\u00fdch m\u00edstech (varov\u00e1n\u00ed na ceduli viz. fotka). Voda je \u010dist\u00e1 &#8211; b\u0159ehy jsou v oble\u017een\u00ed ryb\u00e1\u0159\u016f. Je po sez\u00f3n\u011b, bufety jsou zav\u0159en\u00e9, pl\u00e1\u017ee uklizen\u00e9 a te\u010f u\u017e jen po\u010dkat na mr\u00e1z, aby se dalo bruslit.<\/p>\n<p>Pro l\u00e9t\u00e1n\u00ed to je ale ide\u00e1ln\u00ed \u010das, proto\u017ee nikomu nel\u00edt\u00e1m nad hlavou, ale jen nad pr\u00e1zdnou hladinou. Od r\u00e1na byly mlhy, obla\u010dnost, bezv\u011bt\u0159\u00ed a vydr\u017eelo to a\u017e do odpoledne. Malinko se to za\u010dalo protrh\u00e1vat, ale i tak jsou fotky sp\u00ed\u0161e ilustrativn\u00ed &#8230;<\/p>\n<p>By\u0165 je vodn\u00ed plocha pom\u011brn\u011b rozs\u00e1hl\u00e1, tak se vlezla do objektivu i z m\u00e9n\u011b ne\u017e 300m v\u00fd\u0161ky. V\u00fd\u0161ky dnes s ohledem na obla\u010dnost stejn\u011b nebyly to prav\u00e9 o\u0159echov\u00e9. Prvn\u00ed nastoup\u00e1n\u00ed jsem do t\u011bch 300m ud\u011blal a chvilku jsem se tam i to\u010dil s pt\u00e1ky. \u0160lo jim to l\u00e9pe. Oni v\u00fd\u0161ku dr\u017eely, j\u00e1 ztr\u00e1cel. Ale aspo\u0148 se mi kone\u010dn\u011b poda\u0159ilo dostat je do z\u00e1b\u011bru. Na logu z v\u00e1ria je to p\u011bkn\u011b vid\u011bt (ve fotk\u00e1ch).<\/p>\n<p>Startovat se dalo pohodln\u011b z poln\u00ed cesty a p\u0159ist\u00e1vat hned vedle do pole. Po startu a vystoup\u00e1n\u00ed do bezpe\u010dn\u00e9 v\u00fd\u0161ky jsem p\u0159e\u0161el p\u0159\u00edjezdovou cestu a vy\u0161el jsem na val kousek od b\u0159ehu, odkud byl dobr\u00fd v\u00fdhled na letadlo i hladinu.<\/p>\n<p>P\u0159ed p\u0159ist\u00e1n\u00edm jsem ud\u011blal 2 kole\u010dka nad traktorem na p\u0159ilehl\u00e9m poli. Zrovna dopl\u0148oval n\u011bjakou moc u\u017eite\u010dnou chemik\u00e1lii, aby mohl &#8222;o\u0161et\u0159it&#8220; hospod\u00e1\u0159sk\u00e9 plodiny \ud83d\ude42<\/p>\n<p>P\u0159i dosednut\u00ed to trochu drncalo, obil\u00ed je je\u0161t\u011b n\u00edzk\u00e9 a hl\u00edna tvrd\u00e1.<\/p>\n<p>\u010casu jsem m\u011bl m\u00e1lo, tak\u017ee jeden let s kr\u00e1tk\u00fdm <a href=\"https:\/\/www.youtube.com\/watch?v=pYAFvF9eEtI\">videem<\/a> a rychle letadlo rozebrat, poskl\u00e1dat a \u0161up za volant auta. To psan\u00ed a \u00faprava fotek zabere v\u00edc \u010dasu ne\u017e tohle dne\u0161n\u00ed l\u00e9t\u00e1n\u00ed.<\/p>\n<p>A kde bude ,,Pod k\u0159\u00eddly&#8220; p\u0159\u00ed\u0161t\u011b?<\/p>\n<p>Kdy\u017e by mi vy\u0161el m\u016fj pl\u00e1n, tak to bude vysokoo\u00f3.<\/p>\n","protected":false},"excerpt":{"rendered":"<p>V druh\u00e9 polovin\u011b \u0159\u00edjna to \u010dlov\u011bk \u00fapln\u011b neocen\u00ed, ale je to zaj\u00edmav\u00e9 m\u00edsto ke koup\u00e1n\u00ed na trase Litovel &#8211; Olomouc.<\/p>\n","protected":false},"author":13,"featured_media":0,"comment_status":"open","ping_status":"closed","sticky":false,"template":"","format":"standard","meta":{"footnotes":""},"categories":[7],"tags":[],"class_list":["post-23175","post","type-post","status-publish","format-standard","hentry","category-mimo"],"_links":{"self":[{"href":"https:\/\/mlz.frystacko.cz\/index.php?rest_route=\/wp\/v2\/posts\/23175","targetHints":{"allow":["GET"]}}],"collection":[{"href":"https:\/\/mlz.frystacko.cz\/index.php?rest_route=\/wp\/v2\/posts"}],"about":[{"href":"https:\/\/mlz.frystacko.cz\/index.php?rest_route=\/wp\/v2\/types\/post"}],"author":[{"embeddable":true,"href":"https:\/\/mlz.frystacko.cz\/index.php?rest_route=\/wp\/v2\/users\/13"}],"replies":[{"embeddable":true,"href":"https:\/\/mlz.frystacko.cz\/index.php?rest_route=%2Fwp%2Fv2%2Fcomments&post=23175"}],"version-history":[{"count":16,"href":"https:\/\/mlz.frystacko.cz\/index.php?rest_route=\/wp\/v2\/posts\/23175\/revisions"}],"predecessor-version":[{"id":23423,"href":"https:\/\/mlz.frystacko.cz\/index.php?rest_route=\/wp\/v2\/posts\/23175\/revisions\/23423"}],"wp:attachment":[{"href":"https:\/\/mlz.frystacko.cz\/index.php?rest_route=%2Fwp%2Fv2%2Fmedia&parent=23175"}],"wp:term":[{"taxonomy":"category","embeddable":true,"href":"https:\/\/mlz.frystacko.cz\/index.php?rest_route=%2Fwp%2Fv2%2Fcategories&post=23175"},{"taxonomy":"post_tag","embeddable":true,"href":"https:\/\/mlz.frystacko.cz\/index.php?rest_route=%2Fwp%2Fv2%2Ftags&post=23175"}],"curies":[{"name":"wp","href":"https:\/\/api.w.org\/{rel}","templated":true}]}}