{"id":23205,"date":"2017-12-06T04:00:12","date_gmt":"2017-12-06T03:00:12","guid":{"rendered":"https:\/\/mlz.frystacko.cz\/?p=23205"},"modified":"2017-12-17T20:25:50","modified_gmt":"2017-12-17T19:25:50","slug":"pod-kridly-praded-1491m-n-m","status":"publish","type":"post","link":"https:\/\/mlz.frystacko.cz\/?p=23205","title":{"rendered":"Pod k\u0159\u00eddly ,,Prad\u011bd 1.491m n.m.&#8220;"},"content":{"rendered":"<p><img loading=\"lazy\" decoding=\"async\" class=\"alignleft size-thumbnail wp-image-23222\" src=\"https:\/\/mlz.frystacko.cz\/wp-uploads\/2017\/10\/IMG_8519_res30-100x75.jpg\" alt=\"\" width=\"100\" height=\"75\" srcset=\"https:\/\/mlz.frystacko.cz\/wp-uploads\/2017\/10\/IMG_8519_res30-100x75.jpg 100w, https:\/\/mlz.frystacko.cz\/wp-uploads\/2017\/10\/IMG_8519_res30-267x200.jpg 267w, https:\/\/mlz.frystacko.cz\/wp-uploads\/2017\/10\/IMG_8519_res30-768x576.jpg 768w, https:\/\/mlz.frystacko.cz\/wp-uploads\/2017\/10\/IMG_8519_res30-1024x768.jpg 1024w, https:\/\/mlz.frystacko.cz\/wp-uploads\/2017\/10\/IMG_8519_res30.jpg 1383w\" sizes=\"auto, (max-width: 100px) 100vw, 100px\" \/>Povedlo se to. L\u00e9tal jsem na\/u Prad\u011bdu.<\/p>\n<p><!--more--><strong>20.10.2017<\/strong>\u00a0 \u00a0P\u0159esn\u00e9 m\u00edsto startu se jmenuje Vysok\u00e1 hole 1464m n.m.. To d\u00e1 rozum, \u017ee nep\u016fjdu s letadlem k vys\u00edla\u010di \ud83d\ude42<\/p>\n<p>V \u00fadol\u00ed, kam oko dohl\u00e9dlo, a \u017ee to bylo jen kousek d\u00e1l, ne\u017e na \u0161pi\u010dku nosu, byly cel\u00fd den mlhy. Nad \u0160ternberkem se dr\u017eely do cca. 450m. Nad tuto v\u00fd\u0161ku bylo u\u017e jen jasn\u00e9 nebe.<\/p>\n<p>Jsou dv\u011b mo\u017enosti jak se se \u0161trachadlem, pard\u00f3n, letadlem, dostat nahoru. Vlastn\u011b t\u0159i mo\u017enosti (p\u011b\u0161ky, busem, autem &#8230;). V\u00fdchoz\u00ed bod: vrch Hv\u011bzda s parkovi\u0161t\u011bm. Byl jsem tady poprv\u00e9, tak jsem se byl u z\u00e1vory zeptat, jak \u017ee se d\u00e1 dostat na kopec. S autem? Za pen\u00edze, \u017ee m\u011b tam pust\u00ed. Propustka stoj\u00ed 250,- K\u010d v\u010detn\u011b parkovn\u00e9ho. Provoz je kyvadlov\u00fd a m\u011bl jsem kliku, proto\u017ee jsem p\u0159ijel ve chv\u00edli, kdy se jezdilo nahoru. Tak jsem nemusel \u010dekat a hned jsem vyrazil. Je to asi 6km.<\/p>\n<p>Naho\u0159e na Ov\u010d\u00e1rn\u011b (1.300m n.m.)je dal\u0161\u00ed z\u00e1vora, kde se vyb\u00edr\u00e1 platba. Odtud u\u017e jen p\u011b\u0161ky. V\u00fd\u0161lap to byl kr\u00e1tk\u00fd, jen 1,5km. Batoh na z\u00e1da, krabici s letadlem do ruk a hur\u00e1 na vrchol. P\u0159\u00edmo na Prad\u011bd k vys\u00edla\u010di to jde tak\u00e9 jen p\u011b\u0161ky (z parkovi\u0161t\u011b to je 3,5km).<\/p>\n<p>Po\u010das\u00ed bylo n\u00e1dhern\u00e9. Teplo, jasn\u00e9 nebe, bezv\u011bt\u0159\u00ed.<\/p>\n<p>Ter\u00e9n pro p\u0159ist\u00e1n\u00ed byl v pravd\u011b HORSK\u00dd. Poda\u0159ilo se mi p\u0159ist\u00e1t t\u011bsn\u011b vedle stezky v m\u00edst\u011b, kde je\u0161t\u011b bylo jak\u0161tak\u0161 dobr\u00e9 m\u00edsto. Ani velk\u00e9 d\u00edry, ani kameny &#8230;.<\/p>\n<p>\u010casu jsem m\u011bl m\u00e1lo a nav\u00edc jsem byl limitovan\u00fd tou kyvadlovou dopravou. Musel jsem odj\u00ed\u017ed\u011bt mezi 1\/2\u00a0 a\u00a0 3\/4 &#8211; to se jezdilo dol\u016f. Jinak bych hodinu \u010dekal a to ne\u0161lo. Jsem moc r\u00e1d i za t\u011bch <a href=\"https:\/\/www.youtube.com\/watch?v=4rt5R7GYkhI\">11 min. letu (video)<\/a>.<\/p>\n<p>A kde bude dal\u0161\u00ed zast\u00e1vka ,,Pod k\u0159\u00eddly &#8230;&#8220; ?<\/p>\n<p>To te\u010f bude asi ze v\u0161eho nejv\u00edce z\u00e1visl\u00e9 na po\u010das\u00ed.<\/p>\n<p>&nbsp;<\/p>\n<hr \/>\n<p><strong>7.12.2017<\/strong>\u00a0 \u00a0A z dne\u0161n\u00ed n\u00e1v\u0161t\u011bvy Jesen\u00edk\u016f p\u0159id\u00e1v\u00e1m fotky ,,jen&#8220; je zem\u011b, jako dopln\u011bk k t\u011bm \u0159\u00edjnov\u00fdm, kdy to vypadalo jak v l\u00e9t\u011b. Cht\u011bl jsem startovat na <a href=\"http:\/\/cervenohorskesedlo.eu\/\">\u010cervenohorsk\u00e9m sedle<\/a>, ale &#8230; nejen po\u010das\u00ed bylo proti. Sn\u011bhu, v\u011btru, mrak\u016f bylo nadbytek. Mraky byly kolem poledne, odpoledne u\u017e bylo jasno. Byl jsem tady poprv\u00e9 a tak a\u017e na m\u00edst\u011b jsem zji\u0161\u0165oval, zda by se dalo n\u011bkde bezpe\u010dn\u011b p\u0159ist\u00e1t. A dnes jsem to vyhodnotil, \u017ee nedalo. Necht\u011bl jsem to ani zkou\u0161et, proto\u017ee jsem byl dneska za Karkulku &#8230; k letadlu jsem m\u011bl v\u0161echno, ale &#8230; chyb\u011bla mi zimn\u00ed bunda a \u010depice. Doma na v\u011b\u0161\u00e1ku jim bylo dob\u0159e. V l\u00e9t\u011b si t\u0159eba na let nad sedlem troufnu. Te\u010f bych tam zapadal sn\u011bhem. I kdy\u017e jak \u0159\u00edk\u00e1 klasik: ,,Yeti m\u00e1 lidi r\u00e1d, donesou mu \u017er\u00e1dlo a zmrznou.&#8220;<\/p>\n","protected":false},"excerpt":{"rendered":"<p>Povedlo se to. L\u00e9tal jsem na\/u Prad\u011bdu.<\/p>\n","protected":false},"author":13,"featured_media":0,"comment_status":"open","ping_status":"closed","sticky":false,"template":"","format":"standard","meta":{"footnotes":""},"categories":[7],"tags":[],"class_list":["post-23205","post","type-post","status-publish","format-standard","hentry","category-mimo"],"_links":{"self":[{"href":"https:\/\/mlz.frystacko.cz\/index.php?rest_route=\/wp\/v2\/posts\/23205","targetHints":{"allow":["GET"]}}],"collection":[{"href":"https:\/\/mlz.frystacko.cz\/index.php?rest_route=\/wp\/v2\/posts"}],"about":[{"href":"https:\/\/mlz.frystacko.cz\/index.php?rest_route=\/wp\/v2\/types\/post"}],"author":[{"embeddable":true,"href":"https:\/\/mlz.frystacko.cz\/index.php?rest_route=\/wp\/v2\/users\/13"}],"replies":[{"embeddable":true,"href":"https:\/\/mlz.frystacko.cz\/index.php?rest_route=%2Fwp%2Fv2%2Fcomments&post=23205"}],"version-history":[{"count":17,"href":"https:\/\/mlz.frystacko.cz\/index.php?rest_route=\/wp\/v2\/posts\/23205\/revisions"}],"predecessor-version":[{"id":23891,"href":"https:\/\/mlz.frystacko.cz\/index.php?rest_route=\/wp\/v2\/posts\/23205\/revisions\/23891"}],"wp:attachment":[{"href":"https:\/\/mlz.frystacko.cz\/index.php?rest_route=%2Fwp%2Fv2%2Fmedia&parent=23205"}],"wp:term":[{"taxonomy":"category","embeddable":true,"href":"https:\/\/mlz.frystacko.cz\/index.php?rest_route=%2Fwp%2Fv2%2Fcategories&post=23205"},{"taxonomy":"post_tag","embeddable":true,"href":"https:\/\/mlz.frystacko.cz\/index.php?rest_route=%2Fwp%2Fv2%2Ftags&post=23205"}],"curies":[{"name":"wp","href":"https:\/\/api.w.org\/{rel}","templated":true}]}}