{"id":23620,"date":"2018-01-10T04:00:08","date_gmt":"2018-01-10T03:00:08","guid":{"rendered":"https:\/\/mlz.frystacko.cz\/?p=23620"},"modified":"2018-08-15T23:47:20","modified_gmt":"2018-08-15T21:47:20","slug":"pod-kridly-modelarske-letiste-kojetin","status":"publish","type":"post","link":"https:\/\/mlz.frystacko.cz\/?p=23620","title":{"rendered":"Pod k\u0159\u00eddly ,,Model\u00e1\u0159sk\u00e9 leti\u0161t\u011b Kojet\u00edn&#8220;"},"content":{"rendered":"<p><img loading=\"lazy\" decoding=\"async\" class=\"alignleft size-thumbnail wp-image-23634\" src=\"https:\/\/mlz.frystacko.cz\/wp-uploads\/2017\/11\/IMG_8700r-100x75.jpg\" alt=\"\" width=\"100\" height=\"75\" srcset=\"https:\/\/mlz.frystacko.cz\/wp-uploads\/2017\/11\/IMG_8700r-100x75.jpg 100w, https:\/\/mlz.frystacko.cz\/wp-uploads\/2017\/11\/IMG_8700r-267x200.jpg 267w, https:\/\/mlz.frystacko.cz\/wp-uploads\/2017\/11\/IMG_8700r-768x576.jpg 768w, https:\/\/mlz.frystacko.cz\/wp-uploads\/2017\/11\/IMG_8700r-1024x768.jpg 1024w, https:\/\/mlz.frystacko.cz\/wp-uploads\/2017\/11\/IMG_8700r.jpg 1383w\" sizes=\"auto, (max-width: 100px) 100vw, 100px\" \/>\u00a0<img loading=\"lazy\" decoding=\"async\" class=\"alignleft size-thumbnail wp-image-23653\" src=\"https:\/\/mlz.frystacko.cz\/wp-uploads\/2017\/12\/IMG_20171201_151449r40-100x75.jpg\" alt=\"\" width=\"100\" height=\"75\" srcset=\"https:\/\/mlz.frystacko.cz\/wp-uploads\/2017\/12\/IMG_20171201_151449r40-100x75.jpg 100w, https:\/\/mlz.frystacko.cz\/wp-uploads\/2017\/12\/IMG_20171201_151449r40-267x200.jpg 267w, https:\/\/mlz.frystacko.cz\/wp-uploads\/2017\/12\/IMG_20171201_151449r40-768x576.jpg 768w, https:\/\/mlz.frystacko.cz\/wp-uploads\/2017\/12\/IMG_20171201_151449r40-1024x768.jpg 1024w, https:\/\/mlz.frystacko.cz\/wp-uploads\/2017\/12\/IMG_20171201_151449r40.jpg 1306w\" sizes=\"auto, (max-width: 100px) 100vw, 100px\" \/>Konec listopadu se uk\u00e1zal b\u00fdti l\u00e9tateln\u00fdm.<\/p>\n<p><!--more--><\/p>\n<p>Tak jsem vyu\u017eil p\u011bkn\u00e9ho odpoledne a vydal jsem se na n\u00e1v\u0161t\u011bvu model\u00e1\u0159sk\u00e9ho leti\u0161t\u011b Kojet\u00edn. Po\u010das\u00ed p\u0159\u00e1lo. Bylo skoro bezv\u011btrno, pom\u011brn\u011b teplo, na to jak\u00e1 je zima, a obloha v\u00edce jak z poloviny bez mrak\u016f.<\/p>\n<p>\u010cekal jsem, \u017ee v tak p\u011bkn\u00e9m odpoledni nebudu na leti\u0161ti l\u00e9tat s\u00e1m. Ale opak byl pravdou. Nikdo z m\u00edstn\u00edch nep\u0159ijel.<\/p>\n<p>Spole\u010dnost mi d\u011blali zprvu jen zem\u011bd\u011blci, vyor\u00e1vali \u0159epu. A pozd\u011bji i pan\u00ed, co na leti\u0161ti sb\u00edrala \u010dir\u016fvky. Pr\u00fd jsou skv\u011bl\u00e9 na m\u00e1\u010dku a pod maso, ale na sma\u017eenicu se nehod\u00ed.<\/p>\n<p>Prvn\u00ed let, a to jsem startoval kr\u00e1tce po t\u0159et\u00ed hodin\u011b, je\u0161t\u011b m\u011bl jak\u017etak\u017e sv\u011btlo. P\u0159i druh\u00e9m letu o p\u016fl hodiny pozd\u011bji, kdy\u017e jsem u\u017e jen fotil, video u\u017e bylo po\u0159\u00edzen\u00e9, to bylo se sv\u011btlem o pozn\u00e1n\u00ed hor\u0161\u00ed. Jak se slunce rychle schov\u00e1valo za obzor, tak nejl\u00e9pe osv\u011btlen\u00e9 byly mraky. Dole u\u017e bylo \u0161ero, \u0161ero a je\u0161t\u011b v\u011bt\u0161\u00ed \u0161ero.<\/p>\n<p><a href=\"https:\/\/mapy.cz\/zakladni?x=17.2831511&amp;y=49.3563073&amp;z=16&amp;base=ophoto&amp;source=base&amp;id=1703575&amp;q=kojet%C3%ADn\">Leti\u0161t\u011b<\/a> je za kousek za m\u011bstem v pol\u00edch. Model\u00e1\u0159sk\u00e1 plocha je pose\u010den\u00e1, zbytek dlouh\u00e9ho travnat\u00e9ho p\u00e1su je on\u00edm \u00fa\u010delov\u00fdm leti\u0161t\u011bm viz. mapa. K nejbli\u017e\u0161\u00edm dom\u016fm je to 1000m. K are\u00e1lu agro-dru\u017estva, ale jen necel\u00fdch 300 a stromy jsou tak\u00e9 daleko. Tak\u017ee by se dalo \u0159\u00edct, l\u00e9t\u00e1n\u00ed celkem bez omezen\u00ed.<\/p>\n<p>Jak l\u00e9taj\u00ed m\u00edstn\u00ed &#8211; <a href=\"https:\/\/www.youtube.com\/watch?v=If0VRnJsK1o\">uk\u00e1zka 1<\/a>,\u00a0<a href=\"https:\/\/www.youtube.com\/watch?v=y_BIhDbgvX8\">uk\u00e1zka 2<\/a><\/p>\n<p>Video &#8211; <a href=\"https:\/\/www.youtube.com\/watch?v=FPwSIO-tKYE\">sest\u0159ih z l\u00e9t\u00e1n\u00ed<\/a><\/p>\n<hr \/>\n<p>A o 4 dny pozd\u011bji u\u017e byl i Kojet\u00edn pod sn\u011bhem. Sn\u011bhu bylo poskrovnu, ale atmosf\u00e9ru to u\u017e ud\u011blalo. Tentokr\u00e1t jsem stihl i zbytky sv\u011btla pro p\u00e1r fotek z n\u00e1m\u011bst\u00ed.<\/p>\n<p>A rozbahn\u011bn\u00e1 pol\u0148a\u010dka mi p\u011bkn\u011b pomalovala auto \ud83d\ude00<\/p>\n<p>Video &#8211; <a href=\"https:\/\/www.youtube.com\/watch?v=VT3BhFs3-zo\">Kojet\u00edn pod sn\u011bhem<\/a><\/p>\n","protected":false},"excerpt":{"rendered":"<p>\u00a0Konec listopadu se uk\u00e1zal b\u00fdti l\u00e9tateln\u00fdm.<\/p>\n","protected":false},"author":13,"featured_media":0,"comment_status":"open","ping_status":"closed","sticky":false,"template":"","format":"standard","meta":{"footnotes":""},"categories":[7],"tags":[],"class_list":["post-23620","post","type-post","status-publish","format-standard","hentry","category-mimo"],"_links":{"self":[{"href":"https:\/\/mlz.frystacko.cz\/index.php?rest_route=\/wp\/v2\/posts\/23620","targetHints":{"allow":["GET"]}}],"collection":[{"href":"https:\/\/mlz.frystacko.cz\/index.php?rest_route=\/wp\/v2\/posts"}],"about":[{"href":"https:\/\/mlz.frystacko.cz\/index.php?rest_route=\/wp\/v2\/types\/post"}],"author":[{"embeddable":true,"href":"https:\/\/mlz.frystacko.cz\/index.php?rest_route=\/wp\/v2\/users\/13"}],"replies":[{"embeddable":true,"href":"https:\/\/mlz.frystacko.cz\/index.php?rest_route=%2Fwp%2Fv2%2Fcomments&post=23620"}],"version-history":[{"count":11,"href":"https:\/\/mlz.frystacko.cz\/index.php?rest_route=\/wp\/v2\/posts\/23620\/revisions"}],"predecessor-version":[{"id":23656,"href":"https:\/\/mlz.frystacko.cz\/index.php?rest_route=\/wp\/v2\/posts\/23620\/revisions\/23656"}],"wp:attachment":[{"href":"https:\/\/mlz.frystacko.cz\/index.php?rest_route=%2Fwp%2Fv2%2Fmedia&parent=23620"}],"wp:term":[{"taxonomy":"category","embeddable":true,"href":"https:\/\/mlz.frystacko.cz\/index.php?rest_route=%2Fwp%2Fv2%2Fcategories&post=23620"},{"taxonomy":"post_tag","embeddable":true,"href":"https:\/\/mlz.frystacko.cz\/index.php?rest_route=%2Fwp%2Fv2%2Ftags&post=23620"}],"curies":[{"name":"wp","href":"https:\/\/api.w.org\/{rel}","templated":true}]}}