{"id":23700,"date":"2017-12-09T16:31:05","date_gmt":"2017-12-09T15:31:05","guid":{"rendered":"https:\/\/mlz.frystacko.cz\/?p=23700"},"modified":"2017-12-09T16:33:00","modified_gmt":"2017-12-09T15:33:00","slug":"za-skalkou-na-chvilku","status":"publish","type":"post","link":"https:\/\/mlz.frystacko.cz\/?p=23700","title":{"rendered":"Za Skalkou na chvilku&#8230;"},"content":{"rendered":"<p><img loading=\"lazy\" decoding=\"async\" class=\"alignleft size-thumbnail wp-image-23723\" src=\"https:\/\/mlz.frystacko.cz\/wp-uploads\/2017\/12\/zm.IMG_6783-100x75.jpg\" alt=\"\" width=\"100\" height=\"75\" srcset=\"https:\/\/mlz.frystacko.cz\/wp-uploads\/2017\/12\/zm.IMG_6783-100x75.jpg 100w, https:\/\/mlz.frystacko.cz\/wp-uploads\/2017\/12\/zm.IMG_6783-267x200.jpg 267w, https:\/\/mlz.frystacko.cz\/wp-uploads\/2017\/12\/zm.IMG_6783-768x576.jpg 768w, https:\/\/mlz.frystacko.cz\/wp-uploads\/2017\/12\/zm.IMG_6783-1024x768.jpg 1024w, https:\/\/mlz.frystacko.cz\/wp-uploads\/2017\/12\/zm.IMG_6783.jpg 1200w\" sizes=\"auto, (max-width: 100px) 100vw, 100px\" \/>Abych aspo\u0148 na chvilku vyhnal n\u011bco do vzduchu, pojal sem jako z\u00e1m\u00ednku oj\u00edn\u011bn\u00e9 Ond\u0159ejovsko a posko\u010dil sem na louku za Skalkou&#8230;<\/p>\n<p><!--more-->&#8222;R\u00e1no&#8220; sme se byli pod\u00edvat na trhoch a cestou zp\u011bt sme se d\u00edvali, jak je vrch Ond\u0159ejovska kr\u00e1sn\u011b b\u00edl\u00fd a p\u0159itom nasv\u00edcen\u00fd slunkem. \ud83d\ude42 Po ob\u011bd\u011b sem tedy zajel za Skalku a odstartoval s Proximou, abych toho trochu pofotil. Oproti dopoledn\u00edmu stavu to z\u016fstalo v\u00edcem\u00e9n\u011b stejn\u00e9, a\u017e na to slunko. :-\/ Nepo\u010dkalo, tradi\u010dn\u011b. \ud83d\ude42<\/p>\n<p>\u010cekal sem, \u017ee budou b\u00edl\u00e9 cel\u00e9 Host\u00fdnky, ale Dal\u0161\u00ed kopce u\u017e byly tmav\u00e9. Hm. \ud83d\ude42 Druhou baterku u\u017e sem vyl\u00e9tat nezkusil. Zat\u00e1hlo se \u00fapln\u011b, tak\u017ee sem s nerozbit\u00fdm letadlem zase jel dom. \ud83d\ude42<\/p>\n<p>Krom toho, \u017ee bylo malinko kosa na ruky, dobr\u00e9. \ud83d\ude42<\/p>\n","protected":false},"excerpt":{"rendered":"<p>Abych aspo\u0148 na chvilku vyhnal n\u011bco do vzduchu, pojal sem jako z\u00e1m\u00ednku oj\u00edn\u011bn\u00e9 Ond\u0159ejovsko a posko\u010dil sem na louku za Skalkou&#8230;<\/p>\n","protected":false},"author":3,"featured_media":0,"comment_status":"open","ping_status":"closed","sticky":false,"template":"","format":"standard","meta":{"footnotes":""},"categories":[23],"tags":[],"class_list":["post-23700","post","type-post","status-publish","format-standard","hentry","category-poletovani-jinde"],"_links":{"self":[{"href":"https:\/\/mlz.frystacko.cz\/index.php?rest_route=\/wp\/v2\/posts\/23700","targetHints":{"allow":["GET"]}}],"collection":[{"href":"https:\/\/mlz.frystacko.cz\/index.php?rest_route=\/wp\/v2\/posts"}],"about":[{"href":"https:\/\/mlz.frystacko.cz\/index.php?rest_route=\/wp\/v2\/types\/post"}],"author":[{"embeddable":true,"href":"https:\/\/mlz.frystacko.cz\/index.php?rest_route=\/wp\/v2\/users\/3"}],"replies":[{"embeddable":true,"href":"https:\/\/mlz.frystacko.cz\/index.php?rest_route=%2Fwp%2Fv2%2Fcomments&post=23700"}],"version-history":[{"count":5,"href":"https:\/\/mlz.frystacko.cz\/index.php?rest_route=\/wp\/v2\/posts\/23700\/revisions"}],"predecessor-version":[{"id":23741,"href":"https:\/\/mlz.frystacko.cz\/index.php?rest_route=\/wp\/v2\/posts\/23700\/revisions\/23741"}],"wp:attachment":[{"href":"https:\/\/mlz.frystacko.cz\/index.php?rest_route=%2Fwp%2Fv2%2Fmedia&parent=23700"}],"wp:term":[{"taxonomy":"category","embeddable":true,"href":"https:\/\/mlz.frystacko.cz\/index.php?rest_route=%2Fwp%2Fv2%2Fcategories&post=23700"},{"taxonomy":"post_tag","embeddable":true,"href":"https:\/\/mlz.frystacko.cz\/index.php?rest_route=%2Fwp%2Fv2%2Ftags&post=23700"}],"curies":[{"name":"wp","href":"https:\/\/api.w.org\/{rel}","templated":true}]}}