{"id":23762,"date":"2018-01-17T04:00:55","date_gmt":"2018-01-17T03:00:55","guid":{"rendered":"https:\/\/mlz.frystacko.cz\/?p=23762"},"modified":"2018-01-30T13:38:15","modified_gmt":"2018-01-30T12:38:15","slug":"pod-kridly-pulcinske-skaly","status":"publish","type":"post","link":"https:\/\/mlz.frystacko.cz\/?p=23762","title":{"rendered":"Pod k\u0159\u00eddly ,,Pul\u010d\u00ednsk\u00e9 sk\u00e1ly&#8220;"},"content":{"rendered":"<p><b><img loading=\"lazy\" decoding=\"async\" class=\"alignleft size-thumbnail wp-image-23840\" src=\"https:\/\/mlz.frystacko.cz\/wp-uploads\/2018\/01\/P1000544-2-100x56.jpg\" alt=\"\" width=\"100\" height=\"56\" srcset=\"https:\/\/mlz.frystacko.cz\/wp-uploads\/2018\/01\/P1000544-2-100x56.jpg 100w, https:\/\/mlz.frystacko.cz\/wp-uploads\/2018\/01\/P1000544-2-300x169.jpg 300w, https:\/\/mlz.frystacko.cz\/wp-uploads\/2018\/01\/P1000544-2-768x432.jpg 768w, https:\/\/mlz.frystacko.cz\/wp-uploads\/2018\/01\/P1000544-2-1024x575.jpg 1024w, https:\/\/mlz.frystacko.cz\/wp-uploads\/2018\/01\/P1000544-2.jpg 2000w\" sizes=\"auto, (max-width: 100px) 100vw, 100px\" \/>&#8230; nejv\u011bt\u0161\u00ed p\u00edskovcov\u00e9 skaln\u00ed m\u011bsto\u00a0<\/b>v moravsk\u00fdch Karpatech<\/p>\n<p><!--more--><\/p>\n<p>Kr\u00e1sn\u00e1 <a href=\"https:\/\/mapy.cz\/zakladni?x=18.0833517&amp;y=49.2256611&amp;z=15&amp;source=base&amp;id=1839597&amp;q=pul%C4%8Diny\">lokalita<\/a> pro letn\u00ed i zimn\u00ed v\u00fdlety. U\u017e sem n\u011bkolik let jezd\u00edm (i v\u00edckr\u00e1t za rok) a tak to tentokr\u00e1t vy\u0161lo, \u017ee i (pouze) s letadlem.<\/p>\n<p>M\u00edsto je to v dobr\u00e9m slova smyslu ,,profl\u00e1knut\u00e9&#8220;, tak ho asi v\u0161ichni zn\u00e1te. By\u0165 je polovina prosince, tak jsem se zrovna trefil do obdob\u00ed po oblev\u011b, tak krajina p\u016fsob\u00ed nudn\u011b. Ob\u010das to trochu prokreslilo slunko, ale celkov\u011b nuda-nuda, \u0161e\u010f-\u0161e\u010f.<\/p>\n<p>Pro start jsem si vyhl\u00eddl louku nad Pul\u010d\u00ednem. V l\u00e9t\u011b je to pastvina (jde to vid\u011bt i v zim\u011b, v\u0161echno bylo zmrzl\u00e9, tak se to nepatlalo na podr\u00e1\u017eky). Je odtud rozhled na v\u0161echny strany a taky jde s ohledem na sm\u011br v\u011btru v podstat\u011b odev\u0161ad i p\u0159ist\u00e1vat. Jen ne\u0161lo dop\u0159edu odhadnout, jakou vzd\u00e1lenost budu muset j\u00edt p\u011b\u0161ky, ne\u017e se na vrchol louky dostanu. A dopadlo to v\u00fdborn\u011b, autem jsem se dostal a\u017e na horu. Louka byla na v\u011bt\u0161in\u011b m\u00edst zmrzl\u00e1, tak to \u0161lo, teda jelo.<\/p>\n<p>Od m\u00edsta startu ke skal\u00e1m to bylo necel\u00fdch 700m. Pokus o pr\u016flet kolem skal se nakonec nekonal. Precejen na tu vzd\u00e1lenost to s odhadem bezpe\u010dn\u00e9 vzd\u00e1lenosti od skal a rozd\u00edln\u00fdm proud\u011bn\u00edm\u00a0 vzduchu nebylo ide\u00e1ln\u00ed k experiment\u016fm. I tak jsem n\u011bjak\u00e9 obr\u00e1zky nafotil a <a href=\"https:\/\/www.youtube.com\/watch?v=iWJN9FXVOqY\">video<\/a> je z toho tak\u00e9.<\/p>\n<p>Jo, a oproti\u00a0 v\u00fdletu na \u010cervenohorsk\u00e9 sedlo, jsem si tentokr\u00e1t zimn\u00ed bundu doma nezapomn\u011bl \ud83d\ude42<\/p>\n<hr \/>\n<p><strong>PS:<\/strong> t\u00e1bo\u0159i\u0161t\u011b na za\u010d\u00e1tku \u010dervence 2017 <a href=\"https:\/\/www.youtube.com\/watch?v=dYVwScriLAE\">video\u00a0<\/a><\/p>\n<p>&#8230; a p\u0159id\u00e1v\u00e1m je\u0161t\u011b jeden TIP na v\u00fdlet:\u00a0 <a href=\"https:\/\/cestovani.idnes.cz\/nejhezci-skalni-okruh-moravy-pulcinske-certovy-a-lacnovske-skaly-1cf-\/tipy-na-vylet.aspx?c=A150311_110630_tipy-na-vylet_tom\">Nejkr\u00e1sn\u011bj\u0161\u00ed moravsk\u00fd skaln\u00ed okruh. P\u0159edjarn\u00ed v\u00fdlet, kter\u00fd pot\u011b\u0161\u00ed<\/a><\/p>\n","protected":false},"excerpt":{"rendered":"<p>&#8230; nejv\u011bt\u0161\u00ed p\u00edskovcov\u00e9 skaln\u00ed m\u011bsto\u00a0v moravsk\u00fdch Karpatech<\/p>\n","protected":false},"author":13,"featured_media":0,"comment_status":"open","ping_status":"closed","sticky":false,"template":"","format":"standard","meta":{"footnotes":""},"categories":[7],"tags":[],"class_list":["post-23762","post","type-post","status-publish","format-standard","hentry","category-mimo"],"_links":{"self":[{"href":"https:\/\/mlz.frystacko.cz\/index.php?rest_route=\/wp\/v2\/posts\/23762","targetHints":{"allow":["GET"]}}],"collection":[{"href":"https:\/\/mlz.frystacko.cz\/index.php?rest_route=\/wp\/v2\/posts"}],"about":[{"href":"https:\/\/mlz.frystacko.cz\/index.php?rest_route=\/wp\/v2\/types\/post"}],"author":[{"embeddable":true,"href":"https:\/\/mlz.frystacko.cz\/index.php?rest_route=\/wp\/v2\/users\/13"}],"replies":[{"embeddable":true,"href":"https:\/\/mlz.frystacko.cz\/index.php?rest_route=%2Fwp%2Fv2%2Fcomments&post=23762"}],"version-history":[{"count":8,"href":"https:\/\/mlz.frystacko.cz\/index.php?rest_route=\/wp\/v2\/posts\/23762\/revisions"}],"predecessor-version":[{"id":24208,"href":"https:\/\/mlz.frystacko.cz\/index.php?rest_route=\/wp\/v2\/posts\/23762\/revisions\/24208"}],"wp:attachment":[{"href":"https:\/\/mlz.frystacko.cz\/index.php?rest_route=%2Fwp%2Fv2%2Fmedia&parent=23762"}],"wp:term":[{"taxonomy":"category","embeddable":true,"href":"https:\/\/mlz.frystacko.cz\/index.php?rest_route=%2Fwp%2Fv2%2Fcategories&post=23762"},{"taxonomy":"post_tag","embeddable":true,"href":"https:\/\/mlz.frystacko.cz\/index.php?rest_route=%2Fwp%2Fv2%2Ftags&post=23762"}],"curies":[{"name":"wp","href":"https:\/\/api.w.org\/{rel}","templated":true}]}}