{"id":23863,"date":"2017-12-14T14:31:53","date_gmt":"2017-12-14T13:31:53","guid":{"rendered":"https:\/\/mlz.frystacko.cz\/?p=23863"},"modified":"2017-12-14T14:53:23","modified_gmt":"2017-12-14T13:53:23","slug":"ostravica","status":"publish","type":"post","link":"https:\/\/mlz.frystacko.cz\/?p=23863","title":{"rendered":"Ostravica&#8230;."},"content":{"rendered":"<p><img loading=\"lazy\" decoding=\"async\" class=\"alignleft size-thumbnail wp-image-23883\" src=\"https:\/\/mlz.frystacko.cz\/wp-uploads\/2017\/12\/zm.IMG_7636-100x75.jpg\" alt=\"\" width=\"100\" height=\"75\" srcset=\"https:\/\/mlz.frystacko.cz\/wp-uploads\/2017\/12\/zm.IMG_7636-100x75.jpg 100w, https:\/\/mlz.frystacko.cz\/wp-uploads\/2017\/12\/zm.IMG_7636-267x200.jpg 267w, https:\/\/mlz.frystacko.cz\/wp-uploads\/2017\/12\/zm.IMG_7636-768x576.jpg 768w, https:\/\/mlz.frystacko.cz\/wp-uploads\/2017\/12\/zm.IMG_7636-1024x768.jpg 1024w, https:\/\/mlz.frystacko.cz\/wp-uploads\/2017\/12\/zm.IMG_7636.jpg 1200w\" sizes=\"auto, (max-width: 100px) 100vw, 100px\" \/>M\u011bl sem poj\u00ed\u017e\u010fky trochu v\u00edc na sever, tak sem se stavil i pod Lysou&#8230; \ud83d\ude42<\/p>\n<p><!--more-->Jel sem si obhl\u00e9dnout ko\u017e\u00ed\u0161ek (ehm&#8230; bunda dosluhuje) k Jurkom do Kun\u010dic a stavit se na kus \u0159e\u010di za Pavlem u\u017e bylo v\u00edcem\u00e9n\u011b cestou&#8230; po\u010das\u00ed hezk\u00e9, v\u011btr \u017e\u00e1dn\u00fd (dokud se nevylet\u011blo kousek v\u00fd\u0161, tam u\u017e se to oz\u00fdvalo) a Pavel m\u00e1 za domem prima louku na strat\/p\u0159ist\u00e1n\u00ed, na kter\u00e9 (krom\u011b sloup\u016f VN v kraji a p\u00e1r asi 3\/4metrov\u00fdch \u017eelezn\u00fdch ty\u010dek prost\u0159edkem) nic nezavaz\u00ed. \ud83d\ude42 Smutn\u00e9 je, \u017ee louka je sice skv\u011bl\u00e1 velik\u00e1, jen dost sklon\u011bn\u00e1, tak\u017ee na jeho obl\u00edben\u00e9 stroje pon\u011bkud nepraktick\u00e1. Proxim\u011b to nevadilo.<\/p>\n<p>Vyfotit si Lysou z o\u010d\u00ed do o\u010d\u00ed sem technicky nem\u011bl jak, bo sem startoval cca 900m pod jej\u00edm vrcholem a tomu se konkuruje t\u011b\u017eko, ale p\u00e1r fotek z podhledu vzniklo. \ud83d\ude42\u00a0Byl sem tam, bohu\u017eel, p\u0159ed z\u00e1padem slunka&#8230; zhruba n\u011bkdy po druh\u00e9 miz\u00ed za Smrkem. :\/ Kdo to tam zn\u00e1, t\u0159eba si najde svoje. Oproti mo\u017enostem, co <a href=\"https:\/\/mlz.frystacko.cz\/wp-uploads\/2013\/11\/IMG_3295.jpg\" target=\"_blank\" rel=\"noopener\">vid\u00edme<\/a> od n\u00e1s je to p\u0159eci jen z\u0159eteln\u011bj\u0161\u00ed. \ud83d\ude00<\/p>\n","protected":false},"excerpt":{"rendered":"<p>M\u011bl sem poj\u00ed\u017e\u010fky trochu v\u00edc na sever, tak sem se stavil i pod Lysou&#8230; \ud83d\ude42<\/p>\n","protected":false},"author":3,"featured_media":0,"comment_status":"open","ping_status":"closed","sticky":false,"template":"","format":"standard","meta":{"footnotes":""},"categories":[23],"tags":[],"class_list":["post-23863","post","type-post","status-publish","format-standard","hentry","category-poletovani-jinde"],"_links":{"self":[{"href":"https:\/\/mlz.frystacko.cz\/index.php?rest_route=\/wp\/v2\/posts\/23863","targetHints":{"allow":["GET"]}}],"collection":[{"href":"https:\/\/mlz.frystacko.cz\/index.php?rest_route=\/wp\/v2\/posts"}],"about":[{"href":"https:\/\/mlz.frystacko.cz\/index.php?rest_route=\/wp\/v2\/types\/post"}],"author":[{"embeddable":true,"href":"https:\/\/mlz.frystacko.cz\/index.php?rest_route=\/wp\/v2\/users\/3"}],"replies":[{"embeddable":true,"href":"https:\/\/mlz.frystacko.cz\/index.php?rest_route=%2Fwp%2Fv2%2Fcomments&post=23863"}],"version-history":[{"count":6,"href":"https:\/\/mlz.frystacko.cz\/index.php?rest_route=\/wp\/v2\/posts\/23863\/revisions"}],"predecessor-version":[{"id":23889,"href":"https:\/\/mlz.frystacko.cz\/index.php?rest_route=\/wp\/v2\/posts\/23863\/revisions\/23889"}],"wp:attachment":[{"href":"https:\/\/mlz.frystacko.cz\/index.php?rest_route=%2Fwp%2Fv2%2Fmedia&parent=23863"}],"wp:term":[{"taxonomy":"category","embeddable":true,"href":"https:\/\/mlz.frystacko.cz\/index.php?rest_route=%2Fwp%2Fv2%2Fcategories&post=23863"},{"taxonomy":"post_tag","embeddable":true,"href":"https:\/\/mlz.frystacko.cz\/index.php?rest_route=%2Fwp%2Fv2%2Ftags&post=23863"}],"curies":[{"name":"wp","href":"https:\/\/api.w.org\/{rel}","templated":true}]}}