{"id":23914,"date":"2017-12-27T19:07:55","date_gmt":"2017-12-27T18:07:55","guid":{"rendered":"https:\/\/mlz.frystacko.cz\/?p=23914"},"modified":"2017-12-27T19:07:55","modified_gmt":"2017-12-27T18:07:55","slug":"olsina-letos-uz-asi-posledni","status":"publish","type":"post","link":"https:\/\/mlz.frystacko.cz\/?p=23914","title":{"rendered":"Ol\u0161ina&#8230; letos u\u017e asi posledn\u00ed. :)"},"content":{"rendered":"<p><img loading=\"lazy\" decoding=\"async\" class=\"alignleft size-thumbnail wp-image-23940\" src=\"https:\/\/mlz.frystacko.cz\/wp-uploads\/2017\/12\/zm.IMG_9052-100x67.jpg\" alt=\"\" width=\"100\" height=\"67\" srcset=\"https:\/\/mlz.frystacko.cz\/wp-uploads\/2017\/12\/zm.IMG_9052-100x67.jpg 100w, https:\/\/mlz.frystacko.cz\/wp-uploads\/2017\/12\/zm.IMG_9052-300x200.jpg 300w, https:\/\/mlz.frystacko.cz\/wp-uploads\/2017\/12\/zm.IMG_9052-768x512.jpg 768w, https:\/\/mlz.frystacko.cz\/wp-uploads\/2017\/12\/zm.IMG_9052-1024x683.jpg 1024w, https:\/\/mlz.frystacko.cz\/wp-uploads\/2017\/12\/zm.IMG_9052.jpg 1200w\" sizes=\"auto, (max-width: 100px) 100vw, 100px\" \/>Jak se Jirka cel\u00fd rok dom\u00e1hal, abych mu dal v\u011bd\u011bt, a\u017e p\u016fjdu na kopec a pak mu do toho pravideln\u011b n\u011bco lezlo, tak se kone\u010dn\u011b do\u010dkal. Sice to nebylo \u00fapln\u011b z\u00e1letov\u00e9 po\u010das\u00ed, ale dalo se. \ud83d\ude42<\/p>\n<p><!--more-->Ji\u017e\u00e1\u010dek byl, t\u00e9m\u011b\u0159 p\u0159\u00edmo proti kopci, p\u0159es poledne 10, chv\u00edlama k 15m\/s, pozd\u011bj trochu m\u00e9n\u011b, ale po\u0159\u00e1d to m\u011blo dost s\u00edly. \ud83d\ude42 Krom n\u00e1s p\u0159ijel je\u0161t\u011b Milan s Karlem, tak\u017ee nuda nebyla. L\u00e9talo se co \u0161lo, nalo\u017een\u00e9 sp\u00ed\u0161 v\u00edc jak m\u00ed\u0148&#8230; kopec nosil spolehliv\u011b.<\/p>\n<p>Jirka si odbyl z\u00e1let Avalona, ale kv\u016fli &#8222;drobn\u00fdm&#8220; neshod\u00e1m s r\u00e1diem let\u011bl jen 1x a p\u0159ist\u00e1val rad\u011bji na poli nad svahem, bo nem\u011bl dostatek nerv\u016f ani drzosti. \ud83d\ude42 Beze \u0161kod na technice. Stoj funguje a doma si v klidu donastav\u00ed &#8222;detaily&#8220;, aby se mohl t\u011b\u0161it na dal\u0161\u00ed akci. \ud83d\ude42<\/p>\n<p>Nad Ch\u0159ibama se sice vytrvale dr\u017eel jak\u00fdsi mrak, ale neposunovalo se to a hezky n\u00e1m sv\u00edtilo slun\u00edko&#8230;.do xichtu, pravda. <img src=\"https:\/\/mlz.frystacko.cz\/wp-includes\/images\/smilies\/mrgreen.png\" alt=\":mrgreen:\" class=\"wp-smiley\" style=\"height: 1em; max-height: 1em;\" \/> Kon\u010dili sme a\u017e kolem t\u0159et\u00ed, kdy\u017e do mraku zalezlo aj slunko a teplota se stala m\u00e9n\u011b p\u0159\u00edjemnou. Prima akce. Na to \u017ee m\u00e1me pomalu leden&#8230;. skv\u011bl\u00e9. \ud83d\ude42<\/p>\n","protected":false},"excerpt":{"rendered":"<p>Jak se Jirka cel\u00fd rok dom\u00e1hal, abych mu dal v\u011bd\u011bt, a\u017e p\u016fjdu na kopec a pak mu do toho pravideln\u011b n\u011bco lezlo, tak se kone\u010dn\u011b do\u010dkal. Sice to nebylo \u00fapln\u011b z\u00e1letov\u00e9 po\u010das\u00ed, ale dalo se. \ud83d\ude42<\/p>\n","protected":false},"author":3,"featured_media":0,"comment_status":"open","ping_status":"closed","sticky":false,"template":"","format":"standard","meta":{"footnotes":""},"categories":[21],"tags":[],"class_list":["post-23914","post","type-post","status-publish","format-standard","hentry","category-svah"],"_links":{"self":[{"href":"https:\/\/mlz.frystacko.cz\/index.php?rest_route=\/wp\/v2\/posts\/23914","targetHints":{"allow":["GET"]}}],"collection":[{"href":"https:\/\/mlz.frystacko.cz\/index.php?rest_route=\/wp\/v2\/posts"}],"about":[{"href":"https:\/\/mlz.frystacko.cz\/index.php?rest_route=\/wp\/v2\/types\/post"}],"author":[{"embeddable":true,"href":"https:\/\/mlz.frystacko.cz\/index.php?rest_route=\/wp\/v2\/users\/3"}],"replies":[{"embeddable":true,"href":"https:\/\/mlz.frystacko.cz\/index.php?rest_route=%2Fwp%2Fv2%2Fcomments&post=23914"}],"version-history":[{"count":1,"href":"https:\/\/mlz.frystacko.cz\/index.php?rest_route=\/wp\/v2\/posts\/23914\/revisions"}],"predecessor-version":[{"id":23951,"href":"https:\/\/mlz.frystacko.cz\/index.php?rest_route=\/wp\/v2\/posts\/23914\/revisions\/23951"}],"wp:attachment":[{"href":"https:\/\/mlz.frystacko.cz\/index.php?rest_route=%2Fwp%2Fv2%2Fmedia&parent=23914"}],"wp:term":[{"taxonomy":"category","embeddable":true,"href":"https:\/\/mlz.frystacko.cz\/index.php?rest_route=%2Fwp%2Fv2%2Fcategories&post=23914"},{"taxonomy":"post_tag","embeddable":true,"href":"https:\/\/mlz.frystacko.cz\/index.php?rest_route=%2Fwp%2Fv2%2Ftags&post=23914"}],"curies":[{"name":"wp","href":"https:\/\/api.w.org\/{rel}","templated":true}]}}