{"id":23963,"date":"2018-01-01T18:04:54","date_gmt":"2018-01-01T17:04:54","guid":{"rendered":"https:\/\/mlz.frystacko.cz\/?p=23963"},"modified":"2018-01-01T19:44:06","modified_gmt":"2018-01-01T18:44:06","slug":"poletovani-na-novy-rok-na-psi-loucce-na-jiznich-svazich","status":"publish","type":"post","link":"https:\/\/mlz.frystacko.cz\/?p=23963","title":{"rendered":"&#8230; poletov\u00e1n\u00ed na Nov\u00fd rok na \u201eps\u00ed\u201c lou\u010dce na Ji\u017en\u00edch svaz\u00edch"},"content":{"rendered":"<p><img loading=\"lazy\" decoding=\"async\" class=\"alignleft size-thumbnail wp-image-23975\" src=\"https:\/\/mlz.frystacko.cz\/wp-uploads\/2018\/01\/P1000825_r30-100x56.jpg\" alt=\"\" width=\"100\" height=\"56\" srcset=\"https:\/\/mlz.frystacko.cz\/wp-uploads\/2018\/01\/P1000825_r30-100x56.jpg 100w, https:\/\/mlz.frystacko.cz\/wp-uploads\/2018\/01\/P1000825_r30-300x169.jpg 300w, https:\/\/mlz.frystacko.cz\/wp-uploads\/2018\/01\/P1000825_r30-768x432.jpg 768w, https:\/\/mlz.frystacko.cz\/wp-uploads\/2018\/01\/P1000825_r30-1024x576.jpg 1024w, https:\/\/mlz.frystacko.cz\/wp-uploads\/2018\/01\/P1000825_r30.jpg 1200w\" sizes=\"auto, (max-width: 100px) 100vw, 100px\" \/>Jak na Nov\u00fd rok, tak po cel\u00fd rok. A Ti co cht\u011bli, \u010di mohli, tak i u\u010dinili &#8230;<\/p>\n<p><!--more--><\/p>\n<p>Tradi\u010dn\u00ed setk\u00e1n\u00ed nejen zl\u00ednsk\u00fdch model\u00e1\u0159\u016f na ,,ps\u00ed&#8220; lou\u010dce na Ji\u017en\u00edch svaz\u00edch prob\u011bhlo i letos 1.1.2018.<\/p>\n<p>Se\u0161la se parta, se\u0161la se poletovadla, se\u0161lo se i po\u010das\u00ed &#8230; a na\u0161lo se aj cosik k pit\u00ed. V\u0161ak jak p\u00ed\u0161u hned na za\u010d\u00e1tku 1.1. nen\u00ed \u010dervenec a je pot\u0159eba udr\u017eovat v provozuschopn\u00e9mstavu nejen letadla, ale i pipiloty \ud83d\ude42<\/p>\n<p>Ps\u00ed lou\u010dka dost\u00e1la sv\u00e9mu pojmenov\u00e1n\u00ed. Kdo se p\u0159izn\u00e1, \u017ee si \u0161l\u00e1pl a p\u0159inesl trochu toho \u0161t\u011bst\u00ed i dom\u016f? Sn\u00edh to toti\u017e d\u00edky skoro jarn\u00ed oblev\u011b nejen\u017ee neschoval, ale nav\u00edc to na tom blat\u011b a mezi krtinci, bylo h\u016f\u0159 vid\u011bt.<\/p>\n<p>L\u00e9talo se ve velmi p\u0159\u00e1telsk\u00e9 a radostn\u00e9 atmosf\u00e9\u0159e. V\u0161ichni si to u\u017e\u00edvali a sd\u00edleli slova, aj ty kal\u00ed\u0161ky. Co se p\u0159i l\u00e9t\u00e1n\u00ed poztr\u00e1celo se nakonec poda\u0159ilo naj\u00edt. N\u011bkte\u0159\u00ed se p\u0159i hled\u00e1n\u00ed nachodili v\u00edce (hold, hledali tam, kde to nebylo) a n\u011bkte\u0159\u00ed m\u00e9n\u011b. Ter\u00e9n byl pro p\u0159ist\u00e1n\u00ed pom\u011brn\u011b n\u00e1ro\u010dn\u00fd, ale a\u0165 u\u017e to p\u0159ist\u00e1n\u00ed vypadalo jakkoliv, tak ke \u0161kod\u00e1m na technice mysl\u00edm nedo\u0161lo (a sebev\u011bdom\u00ed se rychle zahoj\u00ed). Jo, a ty st\u0159epy, ty p\u0159ece znamenaj\u00ed \u0161t\u011bst\u00ed\u00ed\u00ed. N\u011bjak\u00e9 ty fotky n\u00ed\u017ee v galerii p\u0159ipomenou \u00fa\u010dastn\u00edk\u016fm pro\u017eitky a ne\u00fa\u010dastn\u00edci se aspo\u0148 m\u016f\u017eou pod\u00edvat, jak\u00e9 \u017ee to bylo.<\/p>\n<p>P\u0159eji v\u0161em mnoho zdrav\u00ed a spokojenosti ve v\u0161em co d\u011bl\u00e1me.<\/p>\n<hr \/>\n<p>PS: a kdo m\u011bl kliku, tak si mohl na m\u00edst\u011b od Honzy koupit kalend\u00e1\u0159<\/p>\n","protected":false},"excerpt":{"rendered":"<p>Jak na Nov\u00fd rok, tak po cel\u00fd rok. A Ti co cht\u011bli, \u010di mohli, tak i u\u010dinili &#8230;<\/p>\n","protected":false},"author":13,"featured_media":0,"comment_status":"open","ping_status":"closed","sticky":false,"template":"","format":"standard","meta":{"footnotes":""},"categories":[6,7],"tags":[],"class_list":["post-23963","post","type-post","status-publish","format-standard","hentry","category-akce","category-mimo"],"_links":{"self":[{"href":"https:\/\/mlz.frystacko.cz\/index.php?rest_route=\/wp\/v2\/posts\/23963","targetHints":{"allow":["GET"]}}],"collection":[{"href":"https:\/\/mlz.frystacko.cz\/index.php?rest_route=\/wp\/v2\/posts"}],"about":[{"href":"https:\/\/mlz.frystacko.cz\/index.php?rest_route=\/wp\/v2\/types\/post"}],"author":[{"embeddable":true,"href":"https:\/\/mlz.frystacko.cz\/index.php?rest_route=\/wp\/v2\/users\/13"}],"replies":[{"embeddable":true,"href":"https:\/\/mlz.frystacko.cz\/index.php?rest_route=%2Fwp%2Fv2%2Fcomments&post=23963"}],"version-history":[{"count":12,"href":"https:\/\/mlz.frystacko.cz\/index.php?rest_route=\/wp\/v2\/posts\/23963\/revisions"}],"predecessor-version":[{"id":24027,"href":"https:\/\/mlz.frystacko.cz\/index.php?rest_route=\/wp\/v2\/posts\/23963\/revisions\/24027"}],"wp:attachment":[{"href":"https:\/\/mlz.frystacko.cz\/index.php?rest_route=%2Fwp%2Fv2%2Fmedia&parent=23963"}],"wp:term":[{"taxonomy":"category","embeddable":true,"href":"https:\/\/mlz.frystacko.cz\/index.php?rest_route=%2Fwp%2Fv2%2Fcategories&post=23963"},{"taxonomy":"post_tag","embeddable":true,"href":"https:\/\/mlz.frystacko.cz\/index.php?rest_route=%2Fwp%2Fv2%2Ftags&post=23963"}],"curies":[{"name":"wp","href":"https:\/\/api.w.org\/{rel}","templated":true}]}}