{"id":24108,"date":"2018-01-31T04:00:56","date_gmt":"2018-01-31T03:00:56","guid":{"rendered":"https:\/\/mlz.frystacko.cz\/?p=24108"},"modified":"2018-02-02T00:22:56","modified_gmt":"2018-02-01T23:22:56","slug":"pod-kridly-mraky-mamut-a-snad-i-osada-havranu","status":"publish","type":"post","link":"https:\/\/mlz.frystacko.cz\/?p=24108","title":{"rendered":"Pod k\u0159\u00eddly ,,mraky, mamut &#8230; a snad i Osada Havran\u016f&#8220;"},"content":{"rendered":"<p><img loading=\"lazy\" decoding=\"async\" class=\"alignleft size-thumbnail wp-image-24145\" src=\"https:\/\/mlz.frystacko.cz\/wp-uploads\/2018\/01\/P1010854_r30-100x56.jpg\" alt=\"\" width=\"100\" height=\"56\" srcset=\"https:\/\/mlz.frystacko.cz\/wp-uploads\/2018\/01\/P1010854_r30-100x56.jpg 100w, https:\/\/mlz.frystacko.cz\/wp-uploads\/2018\/01\/P1010854_r30-300x169.jpg 300w, https:\/\/mlz.frystacko.cz\/wp-uploads\/2018\/01\/P1010854_r30-768x432.jpg 768w, https:\/\/mlz.frystacko.cz\/wp-uploads\/2018\/01\/P1010854_r30-1024x576.jpg 1024w, https:\/\/mlz.frystacko.cz\/wp-uploads\/2018\/01\/P1010854_r30.jpg 1200w\" sizes=\"auto, (max-width: 100px) 100vw, 100px\" \/>M\u00edsto mezi P\u0159erovem a \u010cekyn\u00ed prost\u011b takov\u00e9 je.<\/p>\n<p><!--more--><\/p>\n<p>Na severu m\u011bsta v\u00a0<a title=\"P\u0159edmost\u00ed (P\u0159erov)\" href=\"https:\/\/cs.wikipedia.org\/wiki\/P%C5%99edmost%C3%AD_(P%C5%99erov)\">P\u0159edmost\u00ed<\/a>\u00a0byla objevena rozs\u00e1hl\u00e1\u00a0<a class=\"mw-redirect\" title=\"Archeologick\u00e9 nalezi\u0161t\u011b\" href=\"https:\/\/cs.wikipedia.org\/wiki\/Archeologick%C3%A9_nalezi%C5%A1t%C4%9B\">archeologick\u00e1 nalezi\u0161t\u011b<\/a>, z nich\u017e nejstar\u0161\u00ed obsahuj\u00ed cenn\u00e9 n\u00e1lezy z dob lovc\u016f\u00a0<a title=\"Mamut\" href=\"https:\/\/cs.wikipedia.org\/wiki\/Mamut\">mamut\u016f<\/a>. Tomuto se v\u011bnuje i nau\u010dn\u00e1 vlastiv\u011bdn\u00e1 Stezka lovc\u016f\u00a0mamut\u016f\u00a0vedouc\u00ed z P\u0159edmost\u00ed nad \u00b4p\u0159erovskou rokli\u00b4, kolem p\u0159\u00edrodn\u00edho amfite\u00e1tru, p\u0159es \u0161koln\u00ed kopec, na kter\u00e9m je i Pam\u00e1tn\u00edk lovc\u016f mamut\u016f a odkud je kr\u00e1sn\u00fd v\u00fdhled na P\u0159erov. Nedaleko odtud se nal\u00e9z\u00e1 i lom \u017dernava a d\u00e1le po stezce P\u0159erovsk\u00e1 rokle a socha ml\u00e1d\u011bte mamuta Toma. Posledn\u00edm bodem stezky je vyhl\u00eddka na P\u0159erov tentokr\u00e1t z \u010ceky\u0148sk\u00e9ho kopce. (zdroj: <a href=\"https:\/\/cs.wikipedia.org\/wiki\/P%C5%99erov\">Wikipedie<\/a>)<\/p>\n<p>&nbsp;<\/p>\n<p><img loading=\"lazy\" decoding=\"async\" class=\"alignleft size-thumbnail wp-image-24128\" src=\"https:\/\/mlz.frystacko.cz\/wp-uploads\/2018\/01\/2018_0111_113442_176_r30-100x75.jpg\" alt=\"\" width=\"100\" height=\"75\" srcset=\"https:\/\/mlz.frystacko.cz\/wp-uploads\/2018\/01\/2018_0111_113442_176_r30-100x75.jpg 100w, https:\/\/mlz.frystacko.cz\/wp-uploads\/2018\/01\/2018_0111_113442_176_r30-267x200.jpg 267w, https:\/\/mlz.frystacko.cz\/wp-uploads\/2018\/01\/2018_0111_113442_176_r30-768x576.jpg 768w, https:\/\/mlz.frystacko.cz\/wp-uploads\/2018\/01\/2018_0111_113442_176_r30-1024x768.jpg 1024w, https:\/\/mlz.frystacko.cz\/wp-uploads\/2018\/01\/2018_0111_113442_176_r30.jpg 1210w\" sizes=\"auto, (max-width: 100px) 100vw, 100px\" \/>Po\u010das\u00ed bylo ponur\u00e9. Mraky pluly m\u00edsty ve v\u00fd\u0161ce pouh\u00fdch 120-140m. Skoro se jich dalo dotknout. Slunce se zd\u00e1lo b\u00fdt nav\u017edy ztracen\u00e9. Ka\u017edou chv\u00edli to vypadalo, \u017ee zpoza k\u0159ov\u00ed vyjdou lovci mamut\u016f z Osady Havran\u016f a pazourkem mi &#8230;. (kdo v\u00ed co).<\/p>\n<p>Na nebi se vzn\u00e1\u0161elo obrovsk\u00e9 hejno rack\u016f. Vzl\u00e9tali a sedali, v\u00ed\u0159ili ve spir\u00e1l\u00e1ch, vzl\u00e9tali a zase sedali a d\u011blali u toho pat\u0159i\u010dn\u00fd r\u00e1mus. Ob\u010das mi p\u0159elet\u011bli nad hlavou. Ve vzduchu bylo c\u00edtit nap\u011bt\u00ed a t\u00ed\u017eiv\u00e1 atmosf\u00e9ra. \ud83d\ude42\u00a0 nojo, no &#8230;spisovatel ze m\u011b nebude. Eduard \u0160torch Osadu Havran\u016f napsal moc p\u011bkn\u011b a film, ten se dle m\u00e9ho tak\u00e9 povedl. To nap\u011bt\u00ed se dalo kr\u00e1jet.<\/p>\n<p><img loading=\"lazy\" decoding=\"async\" class=\"alignleft size-thumbnail wp-image-24131\" src=\"https:\/\/mlz.frystacko.cz\/wp-uploads\/2018\/01\/P1010689_r30-100x56.jpg\" alt=\"\" width=\"100\" height=\"56\" srcset=\"https:\/\/mlz.frystacko.cz\/wp-uploads\/2018\/01\/P1010689_r30-100x56.jpg 100w, https:\/\/mlz.frystacko.cz\/wp-uploads\/2018\/01\/P1010689_r30-300x169.jpg 300w, https:\/\/mlz.frystacko.cz\/wp-uploads\/2018\/01\/P1010689_r30-768x432.jpg 768w, https:\/\/mlz.frystacko.cz\/wp-uploads\/2018\/01\/P1010689_r30-1024x576.jpg 1024w, https:\/\/mlz.frystacko.cz\/wp-uploads\/2018\/01\/P1010689_r30.jpg 1200w\" sizes=\"auto, (max-width: 100px) 100vw, 100px\" \/>P\u0159i dne\u0161n\u00edm l\u00e9t\u00e1n\u00ed to na\u0161t\u011bst\u00ed a\u017e tak moc nap\u00ednav\u00e9 nebylo. Ti kdo\u017e m\u011b m\u00edjeli, nebyli z Osady Havran\u016f, i kdy\u017e p\u0159i tro\u0161e fantazie, t\u011bch pt\u00e1k\u016f tam m\u011bli obrovsk\u00e9 hejno. Ti kdo\u017e m\u011b m\u00edjeli, byli toti\u017e \u0159idi\u010di n\u00e1kla\u010f\u00e1k\u016f a traktor\u016f a vozili na nedalekou skl\u00e1dku odpad. A jak zn\u00e1mo, to se rack\u016fm l\u00edb\u00ed, kdy\u017e maj\u00ed p\u0159\u00edsun \u010derstv\u00fdch odpadk\u016f.<\/p>\n<p>Po\u010das\u00ed bylo z pohledu viditelnosti\/neviditelnosti tak akor\u00e1t, \u017ee u\u017e \u0161lo l\u00e9tat, kdy\u017e to nebylo moc nad 100m a \u00fam\u011brn\u011b k tomu i co do vzd\u00e1lenosti. Ale v\u00edtr, tak to byl luxus &#8211; \u017e\u00e1dn\u00fd nebyl. Panovalo bezv\u011bt\u0159\u00ed s jen nepatrn\u00fdmi mikro v\u00e1nky. A tak\u00e9 bylo fajn, \u017ee se obla\u010dnost postupem \u010dasu p\u0159ece jen za\u010dala protrh\u00e1vat a stoupat. Tak\u017ee p\u0159i posledn\u00edm letu u\u017e \u0161lo letadlo kr\u00e1sn\u011b vid\u011bt ve v\u00fd\u0161ce 250-300m.<\/p>\n<p>P\u0159ist\u00e1v\u00e1n\u00ed? V klidn\u00fdch podm\u00ednk\u00e1ch kter\u00e9 panovaly, to byla jedna b\u00e1se\u0148 &#8211; b\u00e1se\u0148 O bl\u00e1t\u011b. I kdy\u017e jsem p\u0159ist\u00e1val co nejbl\u00ed\u017ee okraji pole, tak jsem letadlo i boty \u0159\u00e1dn\u011b zaprasil. Ale st\u00e1lo to za to!<\/p>\n<p>Jak popisuje text, jen\u017e jsem pou\u017eil z Wikipedie v \u00favodu. <a href=\"https:\/\/mapy.cz\/zakladni?x=17.4285787&amp;y=49.4864311&amp;z=15&amp;l=0\">Lokalita<\/a> je to v\u00fdletov\u011b v\u00fd\u017eivn\u00e1 a ta dne\u0161n\u00ed ponurost, snad dala t\u011bm mamut\u016fm je\u0161t\u011b v\u00edc vyniknout. Za slune\u010dn\u00e9ho dne by to m\u011blo o pozn\u00e1n\u00ed jinou atmosf\u00e9ru. To zjist\u00edm n\u011bkdy v budoucnu.<\/p>\n<p>A abych tento \u010dl\u00e1nek trochu ukotvil v \u010dase, tak jsem l\u00e9tal v polovin\u011b ledna 2018 (<a href=\"https:\/\/www.youtube.com\/watch?v=sg9dRX5WfRY\">video<\/a>) a kdy\u017e nasn\u011b\u017eilo, tak to vypadalo takto &#8211; video: <a href=\"https:\/\/www.youtube.com\/watch?v=RFT3bP-A-Q0\">lom \u017dernava &#8211; P\u0159erov<\/a><\/p>\n<p><strong>Prav\u011bku a mamut\u016fm 3x Na Zdar!!!\u00a0<\/strong> \u00a0 no, nazdar<\/p>\n<p>&nbsp;<\/p>\n","protected":false},"excerpt":{"rendered":"<p>M\u00edsto mezi P\u0159erovem a \u010cekyn\u00ed prost\u011b takov\u00e9 je.<\/p>\n","protected":false},"author":13,"featured_media":0,"comment_status":"open","ping_status":"closed","sticky":false,"template":"","format":"standard","meta":{"footnotes":""},"categories":[7],"tags":[],"class_list":["post-24108","post","type-post","status-publish","format-standard","hentry","category-mimo"],"_links":{"self":[{"href":"https:\/\/mlz.frystacko.cz\/index.php?rest_route=\/wp\/v2\/posts\/24108","targetHints":{"allow":["GET"]}}],"collection":[{"href":"https:\/\/mlz.frystacko.cz\/index.php?rest_route=\/wp\/v2\/posts"}],"about":[{"href":"https:\/\/mlz.frystacko.cz\/index.php?rest_route=\/wp\/v2\/types\/post"}],"author":[{"embeddable":true,"href":"https:\/\/mlz.frystacko.cz\/index.php?rest_route=\/wp\/v2\/users\/13"}],"replies":[{"embeddable":true,"href":"https:\/\/mlz.frystacko.cz\/index.php?rest_route=%2Fwp%2Fv2%2Fcomments&post=24108"}],"version-history":[{"count":16,"href":"https:\/\/mlz.frystacko.cz\/index.php?rest_route=\/wp\/v2\/posts\/24108\/revisions"}],"predecessor-version":[{"id":24210,"href":"https:\/\/mlz.frystacko.cz\/index.php?rest_route=\/wp\/v2\/posts\/24108\/revisions\/24210"}],"wp:attachment":[{"href":"https:\/\/mlz.frystacko.cz\/index.php?rest_route=%2Fwp%2Fv2%2Fmedia&parent=24108"}],"wp:term":[{"taxonomy":"category","embeddable":true,"href":"https:\/\/mlz.frystacko.cz\/index.php?rest_route=%2Fwp%2Fv2%2Fcategories&post=24108"},{"taxonomy":"post_tag","embeddable":true,"href":"https:\/\/mlz.frystacko.cz\/index.php?rest_route=%2Fwp%2Fv2%2Ftags&post=24108"}],"curies":[{"name":"wp","href":"https:\/\/api.w.org\/{rel}","templated":true}]}}