{"id":24151,"date":"2018-01-15T18:34:58","date_gmt":"2018-01-15T17:34:58","guid":{"rendered":"https:\/\/mlz.frystacko.cz\/?p=24151"},"modified":"2018-01-15T18:39:14","modified_gmt":"2018-01-15T17:39:14","slug":"olsina-42","status":"publish","type":"post","link":"https:\/\/mlz.frystacko.cz\/?p=24151","title":{"rendered":"Ol\u0161ina&#8230;"},"content":{"rendered":"<p><img loading=\"lazy\" decoding=\"async\" class=\"alignleft size-thumbnail wp-image-24152\" src=\"https:\/\/mlz.frystacko.cz\/wp-uploads\/2018\/01\/zm.IMG_9538-100x67.jpg\" alt=\"\" width=\"100\" height=\"67\" srcset=\"https:\/\/mlz.frystacko.cz\/wp-uploads\/2018\/01\/zm.IMG_9538-100x67.jpg 100w, https:\/\/mlz.frystacko.cz\/wp-uploads\/2018\/01\/zm.IMG_9538-300x200.jpg 300w, https:\/\/mlz.frystacko.cz\/wp-uploads\/2018\/01\/zm.IMG_9538-768x512.jpg 768w, https:\/\/mlz.frystacko.cz\/wp-uploads\/2018\/01\/zm.IMG_9538-1024x683.jpg 1024w, https:\/\/mlz.frystacko.cz\/wp-uploads\/2018\/01\/zm.IMG_9538.jpg 1200w\" sizes=\"auto, (max-width: 100px) 100vw, 100px\" \/>Ji\u017e\u00e1\u010dek, p\u0159\u00edjemn\u00fdch 5m\/s, zata\u017eeno, teploty t\u011bsn\u011b pod\u00a0 273\u00b0K &#8230;. no&#8230;. letos sme je\u0161t\u011b na Ol\u0161in\u011b nebyli, \u017ee?<\/p>\n<p><!--more--><\/p>\n<p>P\u0159edpov\u011b\u010f sice slibovala slune\u010dno, kter\u00e9 sme vlastn\u011b po\u0159\u00e1dn\u011b nevid\u011bli, ale nikdo si moc nest\u011b\u017eoval. Jirka si toti\u017e zapomn\u011bl br\u00fdle. \ud83d\ude00\u00a0 Vzduch kr\u00e1sn\u011b lamin\u00e1rn\u00ed, nosilo to slab\u011b, ale v\u0161ude, s trochou snahy nebyl probl\u00e9m b\u00fdt za chvilku v 50m&#8230; a s t\u00edm u\u017e se dalo n\u011bco podnikat.<\/p>\n<p>Jirka pokra\u010doval v se\u0159izov\u00e1n\u00ed Avalona. Vypadal mnohem spokojen\u011bj. ( kdy\u017e nepo\u010d\u00edt\u00e1m dr\u017eku o\u0161lehanou od studen\u00e9ho v\u011btru :mgreen:, ale to sem m\u011bl taky \ud83d\ude42 ) P\u0159ist\u00e1n\u00ed sice nebyly \u00fapln\u011b k noze, ale \u0161kody nebyly. Sice po\u0159\u00e1d je\u0161t\u011b teprve zji\u0161\u0165oval, co si m\u016f\u017ee dovolit, tak\u017ee v\u011bt\u0161inu fotek m\u00e1 z podhledu, ale to p\u0159ijde&#8230; \ud83d\ude42<\/p>\n<p>&#8222;Vlak&#8220; byl tentokr\u00e1t kr\u00e1sn\u00fd \u010derveno-b\u00e9\u017eov\u00fd, m\u00edsto obvykl\u00e9ho modr\u00e9ho&#8230; jinak \u017e\u00e1dn\u00e1 zm\u011bna. P\u0159ed t\u00edm, co jel kolem jedn\u00e9 ze Zdounek p\u00f3zoval nesm\u011ble Jirka, na ten co jel p\u0159ed t\u0159et\u00ed sem \u010d\u00edhal j\u00e1, ale s p\u0159ib\u00fdvaj\u00edc\u00ed zimou sme si ani jeden nebyli jist\u00ed, jestli n\u00e1m to za to je\u0161t\u011b stoj\u00ed. \ud83d\ude00<\/p>\n<p>Sotva vlak projel, sedal sem, balil a prchali sme, bo teplo u\u017e n\u00e1m moc nebylo. \ud83d\ude42 No p\u0159\u00ed\u0161t\u011b zas. A jestli je to n\u011bkom l\u00edto, \u017ee si nezal\u00e9tal&#8230; v \u00fater\u00fd m\u00e1 b\u00fdt teplej&#8230; asi o dva stupn\u011b &#8230; a v\u00edc foukat&#8230; a pon\u011bkud sn\u011b\u017eit. :-E<\/p>\n","protected":false},"excerpt":{"rendered":"<p>Ji\u017e\u00e1\u010dek, p\u0159\u00edjemn\u00fdch 5m\/s, zata\u017eeno, teploty t\u011bsn\u011b pod\u00a0 273\u00b0K &#8230;. no&#8230;. letos sme je\u0161t\u011b na Ol\u0161in\u011b nebyli, \u017ee?<\/p>\n","protected":false},"author":3,"featured_media":0,"comment_status":"open","ping_status":"closed","sticky":false,"template":"","format":"standard","meta":{"footnotes":""},"categories":[21],"tags":[],"class_list":["post-24151","post","type-post","status-publish","format-standard","hentry","category-svah"],"_links":{"self":[{"href":"https:\/\/mlz.frystacko.cz\/index.php?rest_route=\/wp\/v2\/posts\/24151","targetHints":{"allow":["GET"]}}],"collection":[{"href":"https:\/\/mlz.frystacko.cz\/index.php?rest_route=\/wp\/v2\/posts"}],"about":[{"href":"https:\/\/mlz.frystacko.cz\/index.php?rest_route=\/wp\/v2\/types\/post"}],"author":[{"embeddable":true,"href":"https:\/\/mlz.frystacko.cz\/index.php?rest_route=\/wp\/v2\/users\/3"}],"replies":[{"embeddable":true,"href":"https:\/\/mlz.frystacko.cz\/index.php?rest_route=%2Fwp%2Fv2%2Fcomments&post=24151"}],"version-history":[{"count":3,"href":"https:\/\/mlz.frystacko.cz\/index.php?rest_route=\/wp\/v2\/posts\/24151\/revisions"}],"predecessor-version":[{"id":24195,"href":"https:\/\/mlz.frystacko.cz\/index.php?rest_route=\/wp\/v2\/posts\/24151\/revisions\/24195"}],"wp:attachment":[{"href":"https:\/\/mlz.frystacko.cz\/index.php?rest_route=%2Fwp%2Fv2%2Fmedia&parent=24151"}],"wp:term":[{"taxonomy":"category","embeddable":true,"href":"https:\/\/mlz.frystacko.cz\/index.php?rest_route=%2Fwp%2Fv2%2Fcategories&post=24151"},{"taxonomy":"post_tag","embeddable":true,"href":"https:\/\/mlz.frystacko.cz\/index.php?rest_route=%2Fwp%2Fv2%2Ftags&post=24151"}],"curies":[{"name":"wp","href":"https:\/\/api.w.org\/{rel}","templated":true}]}}