{"id":24274,"date":"2018-03-04T23:43:55","date_gmt":"2018-03-04T22:43:55","guid":{"rendered":"https:\/\/mlz.frystacko.cz\/?p=24274"},"modified":"2018-03-05T14:09:18","modified_gmt":"2018-03-05T13:09:18","slug":"rozlouceni-se-zimou-ou","status":"publish","type":"post","link":"https:\/\/mlz.frystacko.cz\/?p=24274","title":{"rendered":"Rozlou\u010den\u00ed se ZIMOU"},"content":{"rendered":"<p><img loading=\"lazy\" decoding=\"async\" class=\"alignleft size-thumbnail wp-image-24279\" src=\"https:\/\/mlz.frystacko.cz\/wp-uploads\/2018\/03\/P1010994_r40-100x56.jpg\" alt=\"\" width=\"100\" height=\"56\" srcset=\"https:\/\/mlz.frystacko.cz\/wp-uploads\/2018\/03\/P1010994_r40-100x56.jpg 100w, https:\/\/mlz.frystacko.cz\/wp-uploads\/2018\/03\/P1010994_r40-300x169.jpg 300w, https:\/\/mlz.frystacko.cz\/wp-uploads\/2018\/03\/P1010994_r40-768x432.jpg 768w, https:\/\/mlz.frystacko.cz\/wp-uploads\/2018\/03\/P1010994_r40-1024x576.jpg 1024w, https:\/\/mlz.frystacko.cz\/wp-uploads\/2018\/03\/P1010994_r40.jpg 1600w\" sizes=\"auto, (max-width: 100px) 100vw, 100px\" \/>A \u017ee n\u00e1m to jaro pomalu \u0165uk\u00e1 na dve\u0159e a zima (mrazy) se dle po\u010dasn\u00edk\u016f s n\u00e1mi lou\u010d\u00ed, tak jsme to v ned\u011bli oslavili rozlu\u010dkov\u00fdm zimn\u00edm proletem.<!--more--><\/p>\n<p>R\u00e1no je\u0161t\u011b byly t\u0159eskut\u00e9 mrazy, ale kolem druh\u00e9 hodiny odpoledn\u00ed, kdy\u017e jsme m\u011bli sraz na leti\u0161ti, ji\u017e byla teplota zna\u010dn\u011b p\u0159\u00edv\u011btiv\u011bj\u0161\u00ed. Ono, kdy\u017e je tepleji, tak se ta zima l\u00e9pe sn\u00e1\u0161\u00ed.<\/p>\n<p>Dnes byl hlavn\u00edm organiz\u00e1torem Jirka (Zl\u00edn), na modelech m\u00e1 naps\u00e1no Pilot Jirka &#8230; tak\u017ee v\u0161ichni u\u017e te\u010f v\u00edte kter\u00fd, \u017ee?. Skupina to byla ,,skoro&#8220; internacion\u00e1ln\u00ed &#8211; zastoupen\u00ed m\u011bla m\u011bsta: Zl\u00edn, Fry\u0161t\u00e1k, Hole\u0161ov, Otrokovice a Krom\u011b\u0159\u00ed\u017e.<\/p>\n<p>Zastavili se za n\u00e1mi i okolo jedouc\u00ed l\u00e9 i ne l\u00e9\/tavci. Srde\u010dn\u011b jsme se pozdravili, prohodili p\u00e1r slov a &#8230; a d\u00e1l nic. Zase odjeli.<\/p>\n<p>Honza (Hole\u0161ov) se asi pust\u00ed do tuningu sv\u00e9ho Minimaga. Te\u017eko \u0159\u00edct, jestli p\u0159i\u0161el s k\u0159\u00ed\u017ekem po funuse, nebo je tak nap\u0159ed. Objednal si toti\u017e u Petra (z\u00e1stupce Otrokovic) ly\u017ee. Ti\u0161t\u011bn\u00e9 (3D tisk) ly\u017ee na toho Minimaga. To\u017e, a\u0165 se d\u00edlo poda\u0159\u00ed.<\/p>\n<p>Zima byla vlezl\u00e1, ale n\u011bjakou dobu, se to dalo vydr\u017eet. V\u0161ichni se u\u017e t\u011b\u0161\u00edme na jarn\u00ed, tepl\u00e9, slune\u010dn\u00e9 dny.<\/p>\n<p>Rozlu\u010dka se zimou prob\u011bhla a m\u00e1lem jsem se lou\u010dil i se S\u00edriem. Pro\u010d? No, po startu jsem s\u00a0 n\u00edm fl\u00e1kl. V\u00fd\u0161kovka skoro vejp\u016fl, servo v\u00fd\u0161kovky \u0161lo v trupu na proch\u00e1zku, popraskan\u00fd trup kolem kabiny si \u0159\u00edk\u00e1 a opravu &#8230; ale jinak dobr\u00fd, no. Se\u0161lo se n\u011bkolik nep\u0159\u00edzniv\u00fdch faktor\u016f z nich nejz\u00e1va\u017en\u011bj\u0161\u00ed byl asi start na v\u00fdchod, kdy\u017e foukalo z jihu (bo\u010dn\u00ed v\u00edtr, to je prev\u00edt).<\/p>\n<p>A kdyby n\u011bkoho zaj\u00edmalo p\u00e1r fotek, tak v\u00edte kam kliknout.<\/p>\n<p>Mikrov\u011btro\u0148 &#8211; <a href=\"https:\/\/www.youtube.com\/watch?v=LrQ-zcpQfdM\">video<\/a><\/p>\n<p>&nbsp;<\/p>\n","protected":false},"excerpt":{"rendered":"<p>A \u017ee n\u00e1m to jaro pomalu \u0165uk\u00e1 na dve\u0159e a zima (mrazy) se dle po\u010dasn\u00edk\u016f s n\u00e1mi lou\u010d\u00ed, tak jsme to v ned\u011bli oslavili rozlu\u010dkov\u00fdm zimn\u00edm proletem.<\/p>\n","protected":false},"author":13,"featured_media":0,"comment_status":"open","ping_status":"closed","sticky":false,"template":"","format":"standard","meta":{"footnotes":""},"categories":[18],"tags":[],"class_list":["post-24274","post","type-post","status-publish","format-standard","hentry","category-provoz-na-letisti"],"_links":{"self":[{"href":"https:\/\/mlz.frystacko.cz\/index.php?rest_route=\/wp\/v2\/posts\/24274","targetHints":{"allow":["GET"]}}],"collection":[{"href":"https:\/\/mlz.frystacko.cz\/index.php?rest_route=\/wp\/v2\/posts"}],"about":[{"href":"https:\/\/mlz.frystacko.cz\/index.php?rest_route=\/wp\/v2\/types\/post"}],"author":[{"embeddable":true,"href":"https:\/\/mlz.frystacko.cz\/index.php?rest_route=\/wp\/v2\/users\/13"}],"replies":[{"embeddable":true,"href":"https:\/\/mlz.frystacko.cz\/index.php?rest_route=%2Fwp%2Fv2%2Fcomments&post=24274"}],"version-history":[{"count":10,"href":"https:\/\/mlz.frystacko.cz\/index.php?rest_route=\/wp\/v2\/posts\/24274\/revisions"}],"predecessor-version":[{"id":24301,"href":"https:\/\/mlz.frystacko.cz\/index.php?rest_route=\/wp\/v2\/posts\/24274\/revisions\/24301"}],"wp:attachment":[{"href":"https:\/\/mlz.frystacko.cz\/index.php?rest_route=%2Fwp%2Fv2%2Fmedia&parent=24274"}],"wp:term":[{"taxonomy":"category","embeddable":true,"href":"https:\/\/mlz.frystacko.cz\/index.php?rest_route=%2Fwp%2Fv2%2Fcategories&post=24274"},{"taxonomy":"post_tag","embeddable":true,"href":"https:\/\/mlz.frystacko.cz\/index.php?rest_route=%2Fwp%2Fv2%2Ftags&post=24274"}],"curies":[{"name":"wp","href":"https:\/\/api.w.org\/{rel}","templated":true}]}}