{"id":24305,"date":"2018-03-11T18:00:46","date_gmt":"2018-03-11T17:00:46","guid":{"rendered":"https:\/\/mlz.frystacko.cz\/?p=24305"},"modified":"2018-03-11T19:56:41","modified_gmt":"2018-03-11T18:56:41","slug":"prima-sobota","status":"publish","type":"post","link":"https:\/\/mlz.frystacko.cz\/?p=24305","title":{"rendered":"Prima sobota&#8230;"},"content":{"rendered":"<p><img loading=\"lazy\" decoding=\"async\" class=\"alignleft size-thumbnail wp-image-24311\" src=\"https:\/\/mlz.frystacko.cz\/wp-uploads\/2018\/03\/zm.IMG_0133-100x67.jpg\" alt=\"\" width=\"100\" height=\"67\" srcset=\"https:\/\/mlz.frystacko.cz\/wp-uploads\/2018\/03\/zm.IMG_0133-100x67.jpg 100w, https:\/\/mlz.frystacko.cz\/wp-uploads\/2018\/03\/zm.IMG_0133-300x200.jpg 300w, https:\/\/mlz.frystacko.cz\/wp-uploads\/2018\/03\/zm.IMG_0133-768x512.jpg 768w, https:\/\/mlz.frystacko.cz\/wp-uploads\/2018\/03\/zm.IMG_0133-1024x683.jpg 1024w, https:\/\/mlz.frystacko.cz\/wp-uploads\/2018\/03\/zm.IMG_0133.jpg 1200w\" sizes=\"auto, (max-width: 100px) 100vw, 100px\" \/>Hm&#8230; Lubo\u0161 to minule (optimisticky) nazval lou\u010den\u00ed se zimou, tak\u017ee dnes to bylo co? V\u00edt\u00e1n\u00ed jara (naivn\u00edm co za t\u00fdden to zas kon\u010d\u00ed) ? \ud83d\ude1b Teplo, termika&#8230;.<\/p>\n<p><!--more-->Oteplilo se byteln\u011b, tak\u017ee se n\u00e1s p\u00e1r vykulilo na leti\u0161t\u011b. Teda&#8230;. teplo jo, ale bylo to mokr\u00e9. Jeden malinko nab\u00edral bl\u00e1to na boty. :-\/<\/p>\n<p>Poletov\u00e1n\u00ed st\u00e1lo za to. V termice se dalo vyto\u010dit \u0159\u00e1dn\u011b. \ud83d\ude42 Gama, Proxima, Legu\u00e1n&#8230; Minimag, Funcub&#8230;. \ud83d\ude42 V\u0161ecko to chodilo skv\u011ble, vyblbli sme se podle chuti. \ud83d\ude42<\/p>\n<p>Pot\u00ed\u017ee za\u010daly p\u0159i odjezdu. Stoj\u00e1nka byla podm\u00e1\u010den\u00e1,&#8230; bylo &#8222;malinko&#8220; zahrab\u00e1no a zapras\u00edno&#8230;. bude to cht\u00edt do toho malinko kopnout, a\u017e to oschne, a\u0165 si tam kdosi nezlom\u00ed nohu. :\/<\/p>\n","protected":false},"excerpt":{"rendered":"<p>Hm&#8230; Lubo\u0161 to minule (optimisticky) nazval lou\u010den\u00ed se zimou, tak\u017ee dnes to bylo co? V\u00edt\u00e1n\u00ed jara (naivn\u00edm co za t\u00fdden to zas kon\u010d\u00ed) ? \ud83d\ude1b Teplo, termika&#8230;.<\/p>\n","protected":false},"author":3,"featured_media":0,"comment_status":"open","ping_status":"closed","sticky":false,"template":"","format":"standard","meta":{"footnotes":""},"categories":[18],"tags":[],"class_list":["post-24305","post","type-post","status-publish","format-standard","hentry","category-provoz-na-letisti"],"_links":{"self":[{"href":"https:\/\/mlz.frystacko.cz\/index.php?rest_route=\/wp\/v2\/posts\/24305","targetHints":{"allow":["GET"]}}],"collection":[{"href":"https:\/\/mlz.frystacko.cz\/index.php?rest_route=\/wp\/v2\/posts"}],"about":[{"href":"https:\/\/mlz.frystacko.cz\/index.php?rest_route=\/wp\/v2\/types\/post"}],"author":[{"embeddable":true,"href":"https:\/\/mlz.frystacko.cz\/index.php?rest_route=\/wp\/v2\/users\/3"}],"replies":[{"embeddable":true,"href":"https:\/\/mlz.frystacko.cz\/index.php?rest_route=%2Fwp%2Fv2%2Fcomments&post=24305"}],"version-history":[{"count":5,"href":"https:\/\/mlz.frystacko.cz\/index.php?rest_route=\/wp\/v2\/posts\/24305\/revisions"}],"predecessor-version":[{"id":24333,"href":"https:\/\/mlz.frystacko.cz\/index.php?rest_route=\/wp\/v2\/posts\/24305\/revisions\/24333"}],"wp:attachment":[{"href":"https:\/\/mlz.frystacko.cz\/index.php?rest_route=%2Fwp%2Fv2%2Fmedia&parent=24305"}],"wp:term":[{"taxonomy":"category","embeddable":true,"href":"https:\/\/mlz.frystacko.cz\/index.php?rest_route=%2Fwp%2Fv2%2Fcategories&post=24305"},{"taxonomy":"post_tag","embeddable":true,"href":"https:\/\/mlz.frystacko.cz\/index.php?rest_route=%2Fwp%2Fv2%2Ftags&post=24305"}],"curies":[{"name":"wp","href":"https:\/\/api.w.org\/{rel}","templated":true}]}}