{"id":24334,"date":"2018-03-17T17:57:26","date_gmt":"2018-03-17T16:57:26","guid":{"rendered":"https:\/\/mlz.frystacko.cz\/?p=24334"},"modified":"2018-03-17T17:57:26","modified_gmt":"2018-03-17T16:57:26","slug":"sem-se-byl-podivat-na-vylanta","status":"publish","type":"post","link":"https:\/\/mlz.frystacko.cz\/?p=24334","title":{"rendered":"&#8230; sem se byl pod\u00edvat na Vylanta"},"content":{"rendered":"<p><img loading=\"lazy\" decoding=\"async\" class=\"alignleft size-thumbnail wp-image-24341\" src=\"https:\/\/mlz.frystacko.cz\/wp-uploads\/2018\/03\/zm.IMG_20180317_155722-100x75.jpg\" alt=\"\" width=\"100\" height=\"75\" srcset=\"https:\/\/mlz.frystacko.cz\/wp-uploads\/2018\/03\/zm.IMG_20180317_155722-100x75.jpg 100w, https:\/\/mlz.frystacko.cz\/wp-uploads\/2018\/03\/zm.IMG_20180317_155722-267x200.jpg 267w, https:\/\/mlz.frystacko.cz\/wp-uploads\/2018\/03\/zm.IMG_20180317_155722-768x576.jpg 768w, https:\/\/mlz.frystacko.cz\/wp-uploads\/2018\/03\/zm.IMG_20180317_155722-1024x768.jpg 1024w, https:\/\/mlz.frystacko.cz\/wp-uploads\/2018\/03\/zm.IMG_20180317_155722.jpg 1200w\" sizes=\"auto, (max-width: 100px) 100vw, 100px\" \/>Foukalo od severo-v\u00fdchodu a Ratibo\u0159 zav\u00e1n\u011bla mlhou a zimou, tak sem to zkusil jen u n\u00e1s&#8230;.<\/p>\n<p><!--more-->Cestovat a\u017e na Ratibo\u0159 mi p\u0159i\u0161lo nepohodln\u00e9, zejm\u00e9na kdy\u017e Maru\u0161ka byla v\u00edcem\u00e9n\u011b po\u0159\u00e1d v mlze. :\/ Zkusil sem teda zajet jen na Vylanta, bo tu mlha nen\u00ed a hlavn\u011b to tak nezamrz\u00ed, kdy\u017e se nezada\u0159\u00ed.<\/p>\n<p>Parkoval sem dole, u b\u00fdval\u00e9ho brodu, na vyjet\u00ed nahoru sem odvahu nem\u011bl. \ud83d\ude42 Poln\u00ed n\u00e1jezd na louku je od cesty d\u016fkladn\u011b p\u0159ehr\u00e1bnut bagrem, asi aby tam nejezdili ocasi na motork\u00e1ch&#8230; v\u00fdsledek je ten, \u017ee jezd\u00ed o kousek vedle, proto\u017ee je n\u011bjak\u00e1 p\u0159\u00edkopa nezastav\u00ed.<\/p>\n<p>Louka je sch\u016fdn\u00e1 celkem dob\u0159e, kdy\u017e se jeden vyhne cest\u011b a ps\u00edm bobk\u016fm. Letos se urodilo. \ud83d\ude42 No a horn\u00ed p\u016flka louky je d\u016fkladn\u011b p\u0159eryta, asi od prasat. Kupodivu ne a\u017e k lesu, jen ta \u0161ikm\u00e1 \u010d\u00e1st. (p\u0161\u00ed lou\u010dka na Ji\u017e\u0148\u00e1koch dopadla asi l\u00edp, ale h\u00e1dat se nechcu) Jako bonus mne p\u0159ekvapily kol\u00edky, kter\u00e9 jakoby vyzna\u010dovaly prodlou\u017een\u00ed poln\u00ed cesty od Vylant&#8230; po vrstevnici p\u0159es celou louku. :-\/ Nev\u00edm, co si o tom m\u00e1m myslet&#8230; no, stejn\u011b to neovlivn\u00edm. \ud83d\ude42<\/p>\n<p>V\u011btr pofukoval slab\u011b, ale zato dost od v\u00fdchodu, tak\u017ee svah nosil a\u017e n\u011bkde od 80m v\u00fd\u0161&#8230;kam se bez motoru dost\u00e1valo blb\u011b. Prvn\u00ed dva hody byly &#8222;asi&#8220; slab\u00e9 a po p\u00e1r minut\u00e1ch plazen\u00ed u zem\u011b sem lehal, bez brzd a kus pod startovac\u00ed v\u00fd\u0161kou&#8230; ale aspo\u0148 mimo rozrytiny. \ud83d\ude42 Posledn\u00ed start u\u017e sem asi hodil lep\u0161\u00ed (?), bo po chv\u00edli sem se vyhrabal do pot\u0159ebn\u00e9 v\u00fd\u0161ky a tam u\u017e bylo prima. Nastoupat s ob\u010dasn\u00fdma vylomeninama do 300 nebyl probl\u00e9m, na n\u00e1sledn\u00e9 prodrb\u00e1n\u00ed v\u00fd\u0161ky je Dingo\u0161 pevn\u00fd dost <img src=\"https:\/\/mlz.frystacko.cz\/wp-includes\/images\/smilies\/mrgreen.png\" alt=\":mrgreen:\" class=\"wp-smiley\" style=\"height: 1em; max-height: 1em;\" \/> &#8230; a znovu. Odl\u00e9tal sem asi 50 minut&#8230; p\u0159ist\u00e1val sem s dostatkem v\u00fd\u0161ky i rychlosti, tak\u017ee kone\u010dn\u011b naho\u0159e na louce a na brzd\u00e1ch dle vlastn\u00edho v\u00fdb\u011bru&#8230;.vedle rozr\u00fdpaniska (tak\u017ee je\u0161t\u011b na rovn\u00e9m) \ud83d\ude42<\/p>\n<p>N\u011bkte\u0159\u00ed mi (dob\u0159e) radili abych nezmrzl, kdy\u017e sem hl\u00e1sil kam jdu&#8230; bez probl\u00e9m\u016f i se slab\u0161\u00ed v\u00fdbavou. Ale v l\u00e9t\u011b to bude asi p\u0159\u00edjemn\u011bj\u0161\u00ed&#8230; pokud ty kol\u00edky nev\u011bst\u00ed n\u011bjakou nep\u0159\u00edjemnost. \ud83d\ude44 Louky by bylo \u0161koda.<\/p>\n<p>Zrcadlovku sem tentokr\u00e1t nebral, tak\u017ee jedin\u00e1 fotka s letadlem ve vzduchu je hodn\u011b z d\u00e1ly a je\u0161t\u011b mizern\u00e1. \ud83d\ude00 A vlak nem\u00e1m v\u016fbec. \ud83d\ude1b<\/p>\n","protected":false},"excerpt":{"rendered":"<p>Foukalo od severo-v\u00fdchodu a Ratibo\u0159 zav\u00e1n\u011bla mlhou a zimou, tak sem to zkusil jen u n\u00e1s&#8230;.<\/p>\n","protected":false},"author":3,"featured_media":0,"comment_status":"open","ping_status":"closed","sticky":false,"template":"","format":"standard","meta":{"footnotes":""},"categories":[21],"tags":[],"class_list":["post-24334","post","type-post","status-publish","format-standard","hentry","category-svah"],"_links":{"self":[{"href":"https:\/\/mlz.frystacko.cz\/index.php?rest_route=\/wp\/v2\/posts\/24334","targetHints":{"allow":["GET"]}}],"collection":[{"href":"https:\/\/mlz.frystacko.cz\/index.php?rest_route=\/wp\/v2\/posts"}],"about":[{"href":"https:\/\/mlz.frystacko.cz\/index.php?rest_route=\/wp\/v2\/types\/post"}],"author":[{"embeddable":true,"href":"https:\/\/mlz.frystacko.cz\/index.php?rest_route=\/wp\/v2\/users\/3"}],"replies":[{"embeddable":true,"href":"https:\/\/mlz.frystacko.cz\/index.php?rest_route=%2Fwp%2Fv2%2Fcomments&post=24334"}],"version-history":[{"count":3,"href":"https:\/\/mlz.frystacko.cz\/index.php?rest_route=\/wp\/v2\/posts\/24334\/revisions"}],"predecessor-version":[{"id":24344,"href":"https:\/\/mlz.frystacko.cz\/index.php?rest_route=\/wp\/v2\/posts\/24334\/revisions\/24344"}],"wp:attachment":[{"href":"https:\/\/mlz.frystacko.cz\/index.php?rest_route=%2Fwp%2Fv2%2Fmedia&parent=24334"}],"wp:term":[{"taxonomy":"category","embeddable":true,"href":"https:\/\/mlz.frystacko.cz\/index.php?rest_route=%2Fwp%2Fv2%2Fcategories&post=24334"},{"taxonomy":"post_tag","embeddable":true,"href":"https:\/\/mlz.frystacko.cz\/index.php?rest_route=%2Fwp%2Fv2%2Ftags&post=24334"}],"curies":[{"name":"wp","href":"https:\/\/api.w.org\/{rel}","templated":true}]}}