{"id":24481,"date":"2018-04-01T21:09:56","date_gmt":"2018-04-01T19:09:56","guid":{"rendered":"https:\/\/mlz.frystacko.cz\/?p=24481"},"modified":"2018-04-01T21:10:42","modified_gmt":"2018-04-01T19:10:42","slug":"a-chomyz-2","status":"publish","type":"post","link":"https:\/\/mlz.frystacko.cz\/?p=24481","title":{"rendered":"A Chom\u00fd\u017e&#8230;"},"content":{"rendered":"<p><img loading=\"lazy\" decoding=\"async\" class=\"alignleft size-thumbnail wp-image-24510\" src=\"https:\/\/mlz.frystacko.cz\/wp-uploads\/2018\/04\/zm.IMG_0692-100x67.jpg\" alt=\"\" width=\"100\" height=\"67\" srcset=\"https:\/\/mlz.frystacko.cz\/wp-uploads\/2018\/04\/zm.IMG_0692-100x67.jpg 100w, https:\/\/mlz.frystacko.cz\/wp-uploads\/2018\/04\/zm.IMG_0692-300x200.jpg 300w, https:\/\/mlz.frystacko.cz\/wp-uploads\/2018\/04\/zm.IMG_0692-768x512.jpg 768w, https:\/\/mlz.frystacko.cz\/wp-uploads\/2018\/04\/zm.IMG_0692-1024x683.jpg 1024w, https:\/\/mlz.frystacko.cz\/wp-uploads\/2018\/04\/zm.IMG_0692.jpg 1200w\" sizes=\"auto, (max-width: 100px) 100vw, 100px\" \/>Co takhle zajet na Chom\u00fd\u017e&#8230; 7m\/s, v n\u00e1razech v\u00edc, z\u00e1pad&#8230;. no&#8230; a\u017e na to, \u017ee foukalo tak polovinu, ale i tak&#8230; \ud83d\ude42<\/p>\n<p><!--more-->U\u017e z d\u00e1lky bylo vid\u011bt, \u017ee na svahu nad Chom\u00fd\u017eem se tvrd\u011b mak\u00e1. Co nerozr\u00fdpali divo\u010d\u00e1ci (m\u00e1lo), zpracovali d\u016fkladn\u011b krtci. \ud83d\ude00 V\u00fdsledky byly jasn\u00e9&#8230; kdo netrefil krtinu, vlastn\u011b je\u0161t\u011b nep\u0159ist\u00e1val. \ud83d\ude00<\/p>\n<p>M\u011bli p\u0159ijet i Zdra\u017eilovci. Sice sem jim cht\u011bl volat, bo ze za\u010d\u00e1tku to bylo zoufale slab\u00e9 a prvn\u00ed m\u016fj start skon\u010dil asi po 7 minut\u00e1ch mrzut\u00e9ho plazen\u00ed p\u0159i zemi, ale p\u0159i druh\u00e9m startu sem se chytil, tak\u017ee kdy\u017e p\u0159i\u0161li, u\u017e sem poletoval spokojen\u011b v rozumn\u00e9 v\u00fd\u0161ce, do kter\u00e9 se dost\u00e1vali taky. Jen Ryb\u011b se cht\u011blo jen ob\u010das. P\u0159inesli si p\u016flku hang\u00e1ru a \u0159\u00e1dn\u011b to st\u0159\u00eddali, aby \u017e\u00e1dn\u00fd stroj nebyl o\u0161izen. \ud83d\ude42<\/p>\n<p>Jsem r\u00e1d, \u017ee se probudili ze zim\u00edho sp\u00e1nku, bo tyhle dva v zim\u011b venku vid\u011bt nebylo&#8230;. kupodivu. \ud83d\ude1b Fotit sice necht\u011bli, ale zato docela ochotn\u011b p\u00f3zovali p\u0159ed vlakem, tak\u017ee maj\u00ed z\u00e1sluhy. \ud83d\ude42<\/p>\n<p>Dingo z druh\u00e9ho startu sedal po necel\u00fdch dvou hodin\u00e1ch&#8230;par\u00e1da&#8230; slunko vykukovalo jen sporadicky. Kdo se neobl\u00e9kl dost, mr\u010del zimou. :\/ Zato cestou dom\u016f, u\u017e od Hlinska, bylo z\u0159eteln\u011b vid\u011bt, jak je cel\u00fd svah hezky nasv\u00edcen\u00fd&#8230;. aby sme si zas tak moc nefandili. <img src=\"https:\/\/mlz.frystacko.cz\/wp-includes\/images\/smilies\/mrgreen.png\" alt=\":mrgreen:\" class=\"wp-smiley\" style=\"height: 1em; max-height: 1em;\" \/><\/p>\n<p>Jo. Bylo to prima. Mo\u017en\u00e1 u\u017e by mohlo b\u00fdvat teplej&#8230; nebo aspo\u0148 zelen\u011bj, a\u0165 je to veselej\u0161\u00ed.\u00a0 \ud83d\ude42<\/p>\n","protected":false},"excerpt":{"rendered":"<p>Co takhle zajet na Chom\u00fd\u017e&#8230; 7m\/s, v n\u00e1razech v\u00edc, z\u00e1pad&#8230;. no&#8230; a\u017e na to, \u017ee foukalo tak polovinu, ale i tak&#8230; \ud83d\ude42<\/p>\n","protected":false},"author":3,"featured_media":0,"comment_status":"open","ping_status":"closed","sticky":false,"template":"","format":"standard","meta":{"footnotes":""},"categories":[21],"tags":[],"class_list":["post-24481","post","type-post","status-publish","format-standard","hentry","category-svah"],"_links":{"self":[{"href":"https:\/\/mlz.frystacko.cz\/index.php?rest_route=\/wp\/v2\/posts\/24481","targetHints":{"allow":["GET"]}}],"collection":[{"href":"https:\/\/mlz.frystacko.cz\/index.php?rest_route=\/wp\/v2\/posts"}],"about":[{"href":"https:\/\/mlz.frystacko.cz\/index.php?rest_route=\/wp\/v2\/types\/post"}],"author":[{"embeddable":true,"href":"https:\/\/mlz.frystacko.cz\/index.php?rest_route=\/wp\/v2\/users\/3"}],"replies":[{"embeddable":true,"href":"https:\/\/mlz.frystacko.cz\/index.php?rest_route=%2Fwp%2Fv2%2Fcomments&post=24481"}],"version-history":[{"count":5,"href":"https:\/\/mlz.frystacko.cz\/index.php?rest_route=\/wp\/v2\/posts\/24481\/revisions"}],"predecessor-version":[{"id":24527,"href":"https:\/\/mlz.frystacko.cz\/index.php?rest_route=\/wp\/v2\/posts\/24481\/revisions\/24527"}],"wp:attachment":[{"href":"https:\/\/mlz.frystacko.cz\/index.php?rest_route=%2Fwp%2Fv2%2Fmedia&parent=24481"}],"wp:term":[{"taxonomy":"category","embeddable":true,"href":"https:\/\/mlz.frystacko.cz\/index.php?rest_route=%2Fwp%2Fv2%2Fcategories&post=24481"},{"taxonomy":"post_tag","embeddable":true,"href":"https:\/\/mlz.frystacko.cz\/index.php?rest_route=%2Fwp%2Fv2%2Ftags&post=24481"}],"curies":[{"name":"wp","href":"https:\/\/api.w.org\/{rel}","templated":true}]}}