{"id":24530,"date":"2018-04-09T10:15:46","date_gmt":"2018-04-09T08:15:46","guid":{"rendered":"https:\/\/mlz.frystacko.cz\/?p=24530"},"modified":"2018-04-09T12:17:16","modified_gmt":"2018-04-09T10:17:16","slug":"olsina-44","status":"publish","type":"post","link":"https:\/\/mlz.frystacko.cz\/?p=24530","title":{"rendered":"Ol\u0161ina&#8230;.."},"content":{"rendered":"<p><img loading=\"lazy\" decoding=\"async\" class=\"alignleft size-thumbnail wp-image-24556\" src=\"https:\/\/mlz.frystacko.cz\/wp-uploads\/2018\/04\/zm.IMG_0904-100x67.jpg\" alt=\"\" width=\"100\" height=\"67\" srcset=\"https:\/\/mlz.frystacko.cz\/wp-uploads\/2018\/04\/zm.IMG_0904-100x67.jpg 100w, https:\/\/mlz.frystacko.cz\/wp-uploads\/2018\/04\/zm.IMG_0904-300x200.jpg 300w, https:\/\/mlz.frystacko.cz\/wp-uploads\/2018\/04\/zm.IMG_0904-768x512.jpg 768w, https:\/\/mlz.frystacko.cz\/wp-uploads\/2018\/04\/zm.IMG_0904-1024x683.jpg 1024w, https:\/\/mlz.frystacko.cz\/wp-uploads\/2018\/04\/zm.IMG_0904.jpg 1200w\" sizes=\"auto, (max-width: 100px) 100vw, 100px\" \/>No.\u00a0 N\u00e1dhern\u00e1 ned\u011bla. Co v\u00edc cht\u00edt. Slun\u00ed\u010dko, v\u011btr, tr\u00e1va u\u017e se zelen\u00ed&#8230;. A \u0160\u00e1\u0161ulova Fosa u\u017e &#8222;kone\u010dn\u011b&#8220; byla ve vzduchu&#8230;.<\/p>\n<p><!--more-->Monika pr\u00fd sice doma postupn\u011b n\u011bkolika lidem vysv\u011btlovala, kde \u017ee sem to jel v takov\u00e9m v\u011btru\u00a0 a jestli nejsu chor\u00fd s hlavou, ale n\u00e1m to na svahu tak n\u011bjak nep\u0159i\u0161lo. Bylo n\u00e1s tam v\u00edc takov\u00fdch&#8230;. se to ztratilo. <img src=\"https:\/\/mlz.frystacko.cz\/wp-includes\/images\/smilies\/mrgreen.png\" alt=\":mrgreen:\" class=\"wp-smiley\" style=\"height: 1em; max-height: 1em;\" \/> Kdy\u017e jeden chv\u00edlu po\u010dkal, asj ke 20m se to dost\u00e1valo. \ud83d\ude42<\/p>\n<p>Din<img loading=\"lazy\" decoding=\"async\" class=\"alignright size-medium wp-image-24555\" src=\"https:\/\/mlz.frystacko.cz\/wp-uploads\/2018\/04\/zm.IMG_0902-300x200.jpg\" alt=\"\" width=\"300\" height=\"200\" srcset=\"https:\/\/mlz.frystacko.cz\/wp-uploads\/2018\/04\/zm.IMG_0902-300x200.jpg 300w, https:\/\/mlz.frystacko.cz\/wp-uploads\/2018\/04\/zm.IMG_0902-100x67.jpg 100w, https:\/\/mlz.frystacko.cz\/wp-uploads\/2018\/04\/zm.IMG_0902-768x512.jpg 768w, https:\/\/mlz.frystacko.cz\/wp-uploads\/2018\/04\/zm.IMG_0902-1024x683.jpg 1024w, https:\/\/mlz.frystacko.cz\/wp-uploads\/2018\/04\/zm.IMG_0902.jpg 1200w\" sizes=\"auto, (max-width: 300px) 100vw, 300px\" \/>go nedostal z\u00e1t\u011b\u017e&#8230;\u00a0 chyba nevyu\u017e\u00edt takovou p\u0159\u00edle\u017eitost, bo svah nosil jako div\u00fd. Tak\u017ee po kr\u00e1tk\u00e9m letu n\u00e1sledovalo rychle i p\u0159ist\u00e1n\u00ed a dosyp\u00e1val sem \u017eelezo, bo nic t\u011b\u017e\u0161\u00edho sem si doposud nenachystal. (m\u00e1lokdy b\u00fdv\u00e1 pot\u0159eba). Druh\u00fd start u\u017e byl veselej\u0161\u00ed, i d\u00edky tomu, \u017ee sem to hodil zrovna do vypasen\u00e9 bubliny. \ud83d\ude42<\/p>\n<p>Lubo\u0161 sice Fosu na svah p\u0159inesl a slo\u017eil (a Siriuse nechal odhodlan\u011b v aut\u011b), ale n\u011bjak se k ni\u010demu nem\u011bl. K\u0159\u00eddlo nalo\u017eil co um\u011bl. U\u017e i Karel m\u011bl pol\u00e9tan\u00e9 a Fosa po\u0159\u00e1d nic. Nakonec z n\u011bho aj vylezlo, \u017ee to stejn\u011b ON asi zal\u00e9t\u00e1vat nebude&#8230; Hm. V r\u00e1mci odd\u00e1len\u00ed startu je\u0161t\u011b otestovali dosah, ale taky nic, na co by se dalo vymluvit. Karel teda skon\u010dil jako hlavn\u00ed vrha\u010d, Lubo\u0161 si to v\u0161echno d\u016fkladn\u011b fotil, aby sme nemuseli p\u0159\u00edpadn\u011b slo\u017eit\u011b odpov\u00eddat na &#8222;komplikovan\u00e9&#8220; dotazy (Co ste to s t\u00edm&#8230; ,nebo Kter\u00fd ocas to&#8230; &#8230;zn\u00e1me to asi v\u0161ichni). Po odhodu se to sice &#8222;tro\u0161ku&#8220; vzepjalo, ale po potla\u010den\u00ed dobr\u00e9. Do\u017educhal sem to trimem. Taky bylo pot\u0159eba v\u00edc potla\u010dit mix brzd do v\u00fd\u0161kovky.\u00a0Nic jin\u00e9ho nebylo pot\u0159eba. Jen sme se kolektivn\u011b usnesli, \u017ee balastu do k\u0159\u00eddla je m\u00e1lo (3\/4kila?) a i do trupu to chce nacpat&#8230; P\u0159i druh\u00e9m startu si to u\u017e Lubo\u0161 ve v\u00fd\u0161ce aj vzal&#8230;. ale na p\u0159ist\u00e1n\u00ed zase n\u011bkom vnutil r\u00e1dio, by to nebylo na n\u011bho. Pot\u0159et\u00ed si sice troufl na r\u00e1dio u\u017e p\u0159i odhodu (Karle se osv\u011bd\u010dil, tak\u017ee d\u011bkujeme&#8230; <img src=\"https:\/\/mlz.frystacko.cz\/wp-includes\/images\/smilies\/mrgreen.png\" alt=\":mrgreen:\" class=\"wp-smiley\" style=\"height: 1em; max-height: 1em;\" \/> ), ale na pr\u016flet p\u0159es vlak mi to zase vr\u00e1til&#8230; a p\u0159ist\u00e1val sem zas j\u00e1. :-\/ Nev\u00edm kdy za\u010dne majitel&#8230; nebo jestli pl\u00e1nuje kamar\u00e1dom po\u0159izovat takov\u00e9 p\u011bkn\u00e9 hra\u010dky. \ud83d\ude1b (prima, nemus\u00edm se <img loading=\"lazy\" decoding=\"async\" class=\"alignright size-medium wp-image-24561\" src=\"https:\/\/mlz.frystacko.cz\/wp-uploads\/2018\/04\/zm.IMG_0957-300x200.jpg\" alt=\"\" width=\"300\" height=\"200\" srcset=\"https:\/\/mlz.frystacko.cz\/wp-uploads\/2018\/04\/zm.IMG_0957-300x200.jpg 300w, https:\/\/mlz.frystacko.cz\/wp-uploads\/2018\/04\/zm.IMG_0957-100x67.jpg 100w, https:\/\/mlz.frystacko.cz\/wp-uploads\/2018\/04\/zm.IMG_0957-768x512.jpg 768w, https:\/\/mlz.frystacko.cz\/wp-uploads\/2018\/04\/zm.IMG_0957-1024x683.jpg 1024w, https:\/\/mlz.frystacko.cz\/wp-uploads\/2018\/04\/zm.IMG_0957.jpg 1200w\" sizes=\"auto, (max-width: 300px) 100vw, 300px\" \/>starat, nic nab\u00edjet, aj na svah to p\u0159inesl&#8230; \ud83d\ude1b ) No V d\u016fsledku sem si teda pol\u00e9tal prima jak s Dingem tak s Fosou&#8230; a nest\u011b\u017euju si&#8230; p\u0159ijde mi trochu vrat\u0161\u00ed ne\u017e Dingo\u0161, ale to se asi je\u0161t\u011b m\u016f\u017ee zlep\u0161it, a\u017e se s t\u00edm v\u00edc z\u017eije. (pokusy s t\u011b\u017ei\u0161t\u011bm taky teprve \u010dekaj\u00ed) &#8230; a nebo si majitel zvykne. V\u00fdslovn\u011b potvora to nebyla. \ud83d\ude42 Sem mu na opl\u00e1tku ve vzduchu p\u016fj\u010dil Dinga, ale taky je\u0161t\u011b nevyu\u017eil potenci\u00e1l stroje. Jen Karel si musel l\u00e9tat se svojim, bo m\u00e1 obr\u00e1cen\u011b na\u0161roubovan\u00e9 ruky. \ud83d\ude42 Milan sice p\u0159i\u0161el, ale n\u011bjak mu nebylo do skoku. Pr\u00fd se oslavoval&#8230; \ud83d\ude42<\/p>\n<p>\u0160\u00e1\u0161ula post\u0159ihal aj cosi <a href=\"https:\/\/www.youtube.com\/watch?v=mc-52SMP2ZQ\" target=\"_blank\" rel=\"noopener\">videa<\/a>&#8230;<\/p>\n<p>Druh\u00e1 skupinka <del>bl\u00e1zn\u016f<\/del> dobr\u00fdch lid\u00ed byla na Kate\u0159inic\u00edch, ale jsou z tama hl\u00e1\u0161eny m\u00edrn\u011b rozporupln\u00e9 informace&#8230;.(nosilo ob\u0159e, p\u0159ist\u00e1valo blb\u011b&#8230;) t\u0159eba se k tomu n\u011bkdo vypeckuje v\u00edc. \ud83d\ude42<\/p>\n<p>Jinak u\u017e se to tu v\u0161echno chyst\u00e1 pu\u010det, hlo\u017einky tipuju tak max 14 dn\u00ed&#8230; to bude n\u00e1dhera. \ud83d\ude42 A na poli to zat\u00edm vyd\u00e1 na obil\u00ed&#8230; (pokud ho nezaoraj\u00ed)<\/p>\n<hr \/>\n<p>&nbsp;<\/p>\n","protected":false},"excerpt":{"rendered":"<p>No.\u00a0 N\u00e1dhern\u00e1 ned\u011bla. Co v\u00edc cht\u00edt. Slun\u00ed\u010dko, v\u011btr, tr\u00e1va u\u017e se zelen\u00ed&#8230;. A \u0160\u00e1\u0161ulova Fosa u\u017e &#8222;kone\u010dn\u011b&#8220; byla ve vzduchu&#8230;.<\/p>\n","protected":false},"author":3,"featured_media":0,"comment_status":"open","ping_status":"closed","sticky":false,"template":"","format":"standard","meta":{"footnotes":""},"categories":[21],"tags":[],"class_list":["post-24530","post","type-post","status-publish","format-standard","hentry","category-svah"],"_links":{"self":[{"href":"https:\/\/mlz.frystacko.cz\/index.php?rest_route=\/wp\/v2\/posts\/24530","targetHints":{"allow":["GET"]}}],"collection":[{"href":"https:\/\/mlz.frystacko.cz\/index.php?rest_route=\/wp\/v2\/posts"}],"about":[{"href":"https:\/\/mlz.frystacko.cz\/index.php?rest_route=\/wp\/v2\/types\/post"}],"author":[{"embeddable":true,"href":"https:\/\/mlz.frystacko.cz\/index.php?rest_route=\/wp\/v2\/users\/3"}],"replies":[{"embeddable":true,"href":"https:\/\/mlz.frystacko.cz\/index.php?rest_route=%2Fwp%2Fv2%2Fcomments&post=24530"}],"version-history":[{"count":11,"href":"https:\/\/mlz.frystacko.cz\/index.php?rest_route=\/wp\/v2\/posts\/24530\/revisions"}],"predecessor-version":[{"id":24599,"href":"https:\/\/mlz.frystacko.cz\/index.php?rest_route=\/wp\/v2\/posts\/24530\/revisions\/24599"}],"wp:attachment":[{"href":"https:\/\/mlz.frystacko.cz\/index.php?rest_route=%2Fwp%2Fv2%2Fmedia&parent=24530"}],"wp:term":[{"taxonomy":"category","embeddable":true,"href":"https:\/\/mlz.frystacko.cz\/index.php?rest_route=%2Fwp%2Fv2%2Fcategories&post=24530"},{"taxonomy":"post_tag","embeddable":true,"href":"https:\/\/mlz.frystacko.cz\/index.php?rest_route=%2Fwp%2Fv2%2Ftags&post=24530"}],"curies":[{"name":"wp","href":"https:\/\/api.w.org\/{rel}","templated":true}]}}